{"id":123825,"date":"2025-02-19T19:26:40","date_gmt":"2025-02-19T22:26:40","guid":{"rendered":"https:\/\/www.locoxelrojo.com\/independiente\/?p=123825"},"modified":"2025-02-19T19:26:40","modified_gmt":"2025-02-19T22:26:40","slug":"hidalgo-volvio-y-se-sumo-a-los-entrenamientos","status":"publish","type":"post","link":"https:\/\/www.locoxelrojo.com\/independiente\/2025\/02\/19\/hidalgo-volvio-y-se-sumo-a-los-entrenamientos\/","title":{"rendered":"Hidalgo volvi\u00f3 y se sum\u00f3 a los entrenamientos"},"content":{"rendered":"<p><strong>Santiago Hidalgo<\/strong> regres\u00f3 luego de jugar el Sudamericano Sub 20 con la Selecci\u00f3n Argentina y <strong>se sum\u00f3 a los entrenamientos con Independiente.<\/strong><\/p>\n<p>El joven delantero fue parte fundamental del equipo dirigido por Diego Placente y<strong> la clasificaci\u00f3n al Mundial Sub 20 que se jugar\u00e1 en Chile.<\/strong><\/p>\n<p><strong>Hidalgo disput\u00f3 casi todos los partidos, 8 sobre 10 posibles, con un total de 792 minutos en cancha.<\/strong> Adem\u00e1s, marc\u00f3 un gran gol de cabeza en la hist\u00f3rica goleada ante Brasil por 6 a 0, ingresando desde el banco.<\/p>\n<p>Ya a la par de sus compa\u00f1eros, la inc\u00f3gnita pasa por ver qu\u00e9 decidir\u00e1 Julio Vaccari: <strong>\u00bfJugar\u00e1 de titular o no el pr\u00f3ximo s\u00e1bado frente a Instituto en Avellaneda?<\/strong><\/p>\n<blockquote class=\"twitter-tweet\">\n<p dir=\"ltr\" lang=\"es\">Est\u00e1 de regreso <a href=\"https:\/\/twitter.com\/hashtag\/TodoRojo?src=hash&amp;ref_src=twsrc%5Etfw\">#TodoRojo<\/a>  <a href=\"https:\/\/t.co\/nbrcRB7okp\">pic.twitter.com\/nbrcRB7okp<\/a><\/p>\n<p>\u2014 C. A. Independiente (@Independiente) <a href=\"https:\/\/twitter.com\/Independiente\/status\/1892275087031640190?ref_src=twsrc%5Etfw\">February 19, 2025<\/a><\/p><\/blockquote>\n<p><script async src=\"https:\/\/platform.twitter.com\/widgets.js\" charset=\"utf-8\"><\/script><\/p>\n","protected":false},"excerpt":{"rendered":"<p>Santiago Hidalgo regres\u00f3 luego de jugar el Sudamericano Sub 20 con la Selecci\u00f3n Argentina y se sum\u00f3 a los entrenamientos con Independiente. El joven delantero fue parte fundamental del equipo dirigido por Diego Placente y la clasificaci\u00f3n al Mundial Sub 20 que se jugar\u00e1 en Chile. Hidalgo disput\u00f3 casi todos los partidos, 8 sobre 10 [&hellip;]<\/p>\n","protected":false},"author":101035,"featured_media":123826,"comment_status":"open","ping_status":"closed","sticky":false,"template":"","format":"standard","meta":{"_links_to":"","_links_to_target":""},"categories":[3247,3],"tags":[153,3784,4200,226],"_links":{"self":[{"href":"https:\/\/www.locoxelrojo.com\/independiente\/wp-json\/wp\/v2\/posts\/123825"}],"collection":[{"href":"https:\/\/www.locoxelrojo.com\/independiente\/wp-json\/wp\/v2\/posts"}],"about":[{"href":"https:\/\/www.locoxelrojo.com\/independiente\/wp-json\/wp\/v2\/types\/post"}],"author":[{"embeddable":true,"href":"https:\/\/www.locoxelrojo.com\/independiente\/wp-json\/wp\/v2\/users\/101035"}],"replies":[{"embeddable":true,"href":"https:\/\/www.locoxelrojo.com\/independiente\/wp-json\/wp\/v2\/comments?post=123825"}],"version-history":[{"count":1,"href":"https:\/\/www.locoxelrojo.com\/independiente\/wp-json\/wp\/v2\/posts\/123825\/revisions"}],"predecessor-version":[{"id":123827,"href":"https:\/\/www.locoxelrojo.com\/independiente\/wp-json\/wp\/v2\/posts\/123825\/revisions\/123827"}],"wp:featuredmedia":[{"embeddable":true,"href":"https:\/\/www.locoxelrojo.com\/independiente\/wp-json\/wp\/v2\/media\/123826"}],"wp:attachment":[{"href":"https:\/\/www.locoxelrojo.com\/independiente\/wp-json\/wp\/v2\/media?parent=123825"}],"wp:term":[{"taxonomy":"category","embeddable":true,"href":"https:\/\/www.locoxelrojo.com\/independiente\/wp-json\/wp\/v2\/categories?post=123825"},{"taxonomy":"post_tag","embeddable":true,"href":"https:\/\/www.locoxelrojo.com\/independiente\/wp-json\/wp\/v2\/tags?post=123825"}],"curies":[{"name":"wp","href":"https:\/\/api.w.org\/{rel}","templated":true}]}}