{"id":12393,"date":"2011-11-01T20:02:10","date_gmt":"2011-11-01T23:02:10","guid":{"rendered":"http:\/\/www.locoxelrojo.com.ar\/independiente\/?p=12393"},"modified":"2011-11-02T03:02:56","modified_gmt":"2011-11-02T05:02:56","slug":"marco-perez-es-bueno-que-me-den-confianza","status":"publish","type":"post","link":"https:\/\/www.locoxelrojo.com\/independiente\/2011\/11\/01\/marco-perez-es-bueno-que-me-den-confianza\/","title":{"rendered":"Marco P\u00e9rez: &#8220;Es bueno que me den confianza&#8221;"},"content":{"rendered":"<p><a href=\"http:\/\/www.locoxelrojo.com.ar\/independiente\/wp-content\/uploads\/2011\/11\/marco_perez.jpg\"><img loading=\"lazy\" class=\"alignnone size-full wp-image-12394\" title=\"marco_perez\" src=\"http:\/\/www.locoxelrojo.com.ar\/independiente\/wp-content\/uploads\/2011\/11\/marco_perez.jpg\" alt=\"\" width=\"590\" height=\"315\" srcset=\"https:\/\/locoxelrojo.com\/independiente\/wp-content\/uploads\/2011\/11\/marco_perez.jpg 590w, https:\/\/locoxelrojo.com\/independiente\/wp-content\/uploads\/2011\/11\/marco_perez-300x160.jpg 300w\" sizes=\"(max-width: 590px) 100vw, 590px\" \/><\/a><\/p>\n<p><strong>Marco P\u00e9rez fue otro de los delanteros que dialog\u00f3 con la prensa luego de la pr\u00e1ctica matutina<\/strong>. El delantero est\u00e1 citado una hora antes que sus compa\u00f1eros para el entrenamiento del mi\u00e9rcoles. All\u00ed practicar\u00e1 definici\u00f3n junto a Facundo Parra.<\/p>\n<p><strong>&#8220;Los delanteros estamos tranquilos, seguimos trabajando para salir de esta situaci\u00f3n&#8221;<\/strong>, advirti\u00f3 el colombiano quien tiene dos goles en lo que va del campeonato. Luego agreg\u00f3: <strong>&#8220;es bueno que el profe nos d\u00e9 confianza pero hay que aprovecharla&#8221;.<\/strong><\/p>\n<p>Por \u00faltimo se refiri\u00f3 al duelo frente a All Boys -a\u00fan no gan\u00f3 de local y suma 3 empates y 3 derrotas con 4 goles a favor y 7 en contra-<strong> &#8220;Los dos estamos necesitados de puntos y eso har\u00e1 que haya muchos opciones de gol, ojal\u00e1 pueda aprovecharlas&#8221;<\/strong>, dese\u00f3.<\/p>\n","protected":false},"excerpt":{"rendered":"<p>Marco P\u00e9rez fue otro de los delanteros que dialog\u00f3 con la prensa luego de la pr\u00e1ctica matutina. El delantero est\u00e1 citado una hora antes que sus compa\u00f1eros para el entrenamiento del mi\u00e9rcoles. All\u00ed practicar\u00e1 definici\u00f3n junto a Facundo Parra. &#8220;Los delanteros estamos tranquilos, seguimos trabajando para salir de esta situaci\u00f3n&#8221;, advirti\u00f3 el colombiano quien tiene [&hellip;]<\/p>\n","protected":false},"author":1,"featured_media":0,"comment_status":"open","ping_status":"open","sticky":false,"template":"","format":"standard","meta":{"_links_to":"","_links_to_target":""},"categories":[3,1],"tags":[156,346,547],"_links":{"self":[{"href":"https:\/\/www.locoxelrojo.com\/independiente\/wp-json\/wp\/v2\/posts\/12393"}],"collection":[{"href":"https:\/\/www.locoxelrojo.com\/independiente\/wp-json\/wp\/v2\/posts"}],"about":[{"href":"https:\/\/www.locoxelrojo.com\/independiente\/wp-json\/wp\/v2\/types\/post"}],"author":[{"embeddable":true,"href":"https:\/\/www.locoxelrojo.com\/independiente\/wp-json\/wp\/v2\/users\/1"}],"replies":[{"embeddable":true,"href":"https:\/\/www.locoxelrojo.com\/independiente\/wp-json\/wp\/v2\/comments?post=12393"}],"version-history":[{"count":0,"href":"https:\/\/www.locoxelrojo.com\/independiente\/wp-json\/wp\/v2\/posts\/12393\/revisions"}],"wp:attachment":[{"href":"https:\/\/www.locoxelrojo.com\/independiente\/wp-json\/wp\/v2\/media?parent=12393"}],"wp:term":[{"taxonomy":"category","embeddable":true,"href":"https:\/\/www.locoxelrojo.com\/independiente\/wp-json\/wp\/v2\/categories?post=12393"},{"taxonomy":"post_tag","embeddable":true,"href":"https:\/\/www.locoxelrojo.com\/independiente\/wp-json\/wp\/v2\/tags?post=12393"}],"curies":[{"name":"wp","href":"https:\/\/api.w.org\/{rel}","templated":true}]}}