{"id":123935,"date":"2025-02-25T21:07:51","date_gmt":"2025-02-26T00:07:51","guid":{"rendered":"https:\/\/www.locoxelrojo.com\/independiente\/?p=123935"},"modified":"2025-02-25T21:07:51","modified_gmt":"2025-02-26T00:07:51","slug":"con-mancu-desde-el-arranque","status":"publish","type":"post","link":"https:\/\/www.locoxelrojo.com\/independiente\/2025\/02\/25\/con-mancu-desde-el-arranque\/","title":{"rendered":"\u00bfCon Mancu desde el arranque?"},"content":{"rendered":"<p><strong>Federico Mancuello<\/strong> corre con ventaja para meterse en el once inicial de Independiente que jugar\u00e1 con Sportivo Belgrano en los 32vos de final de la Copa Argentina.<\/p>\n<p>Se viene el debut del Rojo en la Copa Argentina. Este mi\u00e9rcoles se cruzar\u00e1 con Sportivo Belgrano en San Nicol\u00e1s. Julio Vaccari <a href=\"https:\/\/www.locoxelrojo.com\/independiente\/2025\/02\/25\/dos-descartados\/\">no podr\u00e1 contar con Franco Paredes y Luciano Cabral<\/a>. <strong>El 10 se lo pierde por un fuerte golpe en un dedo del pie.<\/strong><\/p>\n<p>Durante los ensayos formales, <strong>el t\u00e9cnico prob\u00f3 en esa posici\u00f3n con Mancuello y tiene todos los boletos para ser titular<\/strong>. Viene de tener ingresos positivos desde el banco, <a href=\"https:\/\/www.locoxelrojo.com\/independiente\/2025\/02\/22\/lo-que-dejo-la-victoria-contra-instituto-en-avellaneda\/\">el \u00faltimo fin de semana con gol incluido frente a Instituto de C\u00f3rdoba<\/a>.<\/p>\n<p><strong>Rodrigo Rey; Federico Vera, Kevin Lom\u00f3naco, Sebasti\u00e1n Vald\u00e9z, \u00c1lvaro Angulo; Felipe Loyola, Iv\u00e1n Marcone, Mancuello; Santiago Montiel, Gabriel \u00c1valos y Diego Tarzia<\/strong>, ser\u00edan los elegidos por el DT. Mantiene la base y, tal como ya adelant\u00f3 en la conferencia de prensa, no hay lugar para una rotaci\u00f3n.<\/p>\n","protected":false},"excerpt":{"rendered":"<p>Federico Mancuello corre con ventaja para meterse en el once inicial de Independiente que jugar\u00e1 con Sportivo Belgrano en los 32vos de final de la Copa Argentina. Se viene el debut del Rojo en la Copa Argentina. Este mi\u00e9rcoles se cruzar\u00e1 con Sportivo Belgrano en San Nicol\u00e1s. Julio Vaccari no podr\u00e1 contar con Franco Paredes [&hellip;]<\/p>\n","protected":false},"author":1,"featured_media":123936,"comment_status":"open","ping_status":"closed","sticky":false,"template":"","format":"standard","meta":{"_links_to":"","_links_to_target":""},"categories":[3247,3],"tags":[153,26,48,5633,5745,172],"_links":{"self":[{"href":"https:\/\/www.locoxelrojo.com\/independiente\/wp-json\/wp\/v2\/posts\/123935"}],"collection":[{"href":"https:\/\/www.locoxelrojo.com\/independiente\/wp-json\/wp\/v2\/posts"}],"about":[{"href":"https:\/\/www.locoxelrojo.com\/independiente\/wp-json\/wp\/v2\/types\/post"}],"author":[{"embeddable":true,"href":"https:\/\/www.locoxelrojo.com\/independiente\/wp-json\/wp\/v2\/users\/1"}],"replies":[{"embeddable":true,"href":"https:\/\/www.locoxelrojo.com\/independiente\/wp-json\/wp\/v2\/comments?post=123935"}],"version-history":[{"count":1,"href":"https:\/\/www.locoxelrojo.com\/independiente\/wp-json\/wp\/v2\/posts\/123935\/revisions"}],"predecessor-version":[{"id":123937,"href":"https:\/\/www.locoxelrojo.com\/independiente\/wp-json\/wp\/v2\/posts\/123935\/revisions\/123937"}],"wp:featuredmedia":[{"embeddable":true,"href":"https:\/\/www.locoxelrojo.com\/independiente\/wp-json\/wp\/v2\/media\/123936"}],"wp:attachment":[{"href":"https:\/\/www.locoxelrojo.com\/independiente\/wp-json\/wp\/v2\/media?parent=123935"}],"wp:term":[{"taxonomy":"category","embeddable":true,"href":"https:\/\/www.locoxelrojo.com\/independiente\/wp-json\/wp\/v2\/categories?post=123935"},{"taxonomy":"post_tag","embeddable":true,"href":"https:\/\/www.locoxelrojo.com\/independiente\/wp-json\/wp\/v2\/tags?post=123935"}],"curies":[{"name":"wp","href":"https:\/\/api.w.org\/{rel}","templated":true}]}}