{"id":123977,"date":"2025-02-27T20:55:25","date_gmt":"2025-02-27T23:55:25","guid":{"rendered":"https:\/\/www.locoxelrojo.com\/independiente\/?p=123977"},"modified":"2025-02-27T20:55:43","modified_gmt":"2025-02-27T23:55:43","slug":"debuto-el-pocho-roman","status":"publish","type":"post","link":"https:\/\/www.locoxelrojo.com\/independiente\/2025\/02\/27\/debuto-el-pocho-roman\/","title":{"rendered":"Debut\u00f3 el Pocho Rom\u00e1n"},"content":{"rendered":"<p><strong>Lucas Rom\u00e1n debut\u00f3 con la camiseta de Independiente en los 32avos de final de la Copa Argentina ante Sportivo Belgrano.<\/strong><\/p>\n<p>El extremo de 21 a\u00f1os <strong>ingres\u00f3 a los 78 minutos del encuentro por Santiago Montiel<\/strong>,<a href=\"https:\/\/www.locoxelrojo.com\/independiente\/2025\/02\/26\/otra-lesion-muscular\/\"> que sali\u00f3 dolorido en su posterior<\/a>.<\/p>\n<p>Si bien fue poco el tiempo que estuvo dentro de la cancha, <strong>se mostr\u00f3 con voluntad para ir hacia delante y logr\u00f3 mostrar sus habilidades t\u00e9cnicas<\/strong>. El propio <a href=\"https:\/\/www.locoxelrojo.com\/independiente\/2025\/02\/26\/vaccari-valoro-mucho-que-los-chicos-le-hayan-dado-la-seriedad-que-ameritaba\/\">Julio Vaccari, en conferencia de prensa, se mostr\u00f3 contento por su rendimiento<\/a>. Veremos si con la posible lesi\u00f3n de Montiel, el ex Ferro comienza a tener m\u00e1s minutos.<\/p>\n","protected":false},"excerpt":{"rendered":"<p>Lucas Rom\u00e1n debut\u00f3 con la camiseta de Independiente en los 32avos de final de la Copa Argentina ante Sportivo Belgrano. El extremo de 21 a\u00f1os ingres\u00f3 a los 78 minutos del encuentro por Santiago Montiel, que sali\u00f3 dolorido en su posterior. Si bien fue poco el tiempo que estuvo dentro de la cancha, se mostr\u00f3 [&hellip;]<\/p>\n","protected":false},"author":101038,"featured_media":123985,"comment_status":"open","ping_status":"closed","sticky":false,"template":"","format":"standard","meta":{"_links_to":"","_links_to_target":""},"categories":[3247,3],"tags":[153,5736,5633,5772,5680,2392],"_links":{"self":[{"href":"https:\/\/www.locoxelrojo.com\/independiente\/wp-json\/wp\/v2\/posts\/123977"}],"collection":[{"href":"https:\/\/www.locoxelrojo.com\/independiente\/wp-json\/wp\/v2\/posts"}],"about":[{"href":"https:\/\/www.locoxelrojo.com\/independiente\/wp-json\/wp\/v2\/types\/post"}],"author":[{"embeddable":true,"href":"https:\/\/www.locoxelrojo.com\/independiente\/wp-json\/wp\/v2\/users\/101038"}],"replies":[{"embeddable":true,"href":"https:\/\/www.locoxelrojo.com\/independiente\/wp-json\/wp\/v2\/comments?post=123977"}],"version-history":[{"count":3,"href":"https:\/\/www.locoxelrojo.com\/independiente\/wp-json\/wp\/v2\/posts\/123977\/revisions"}],"predecessor-version":[{"id":123987,"href":"https:\/\/www.locoxelrojo.com\/independiente\/wp-json\/wp\/v2\/posts\/123977\/revisions\/123987"}],"wp:featuredmedia":[{"embeddable":true,"href":"https:\/\/www.locoxelrojo.com\/independiente\/wp-json\/wp\/v2\/media\/123985"}],"wp:attachment":[{"href":"https:\/\/www.locoxelrojo.com\/independiente\/wp-json\/wp\/v2\/media?parent=123977"}],"wp:term":[{"taxonomy":"category","embeddable":true,"href":"https:\/\/www.locoxelrojo.com\/independiente\/wp-json\/wp\/v2\/categories?post=123977"},{"taxonomy":"post_tag","embeddable":true,"href":"https:\/\/www.locoxelrojo.com\/independiente\/wp-json\/wp\/v2\/tags?post=123977"}],"curies":[{"name":"wp","href":"https:\/\/api.w.org\/{rel}","templated":true}]}}