{"id":124030,"date":"2025-03-04T16:45:12","date_gmt":"2025-03-04T19:45:12","guid":{"rendered":"https:\/\/www.locoxelrojo.com\/independiente\/?p=124030"},"modified":"2025-03-04T16:45:12","modified_gmt":"2025-03-04T19:45:12","slug":"continua-a-partir-de-las-1930-se-reanuda-banfield-vs-independiente","status":"publish","type":"post","link":"https:\/\/www.locoxelrojo.com\/independiente\/2025\/03\/04\/continua-a-partir-de-las-1930-se-reanuda-banfield-vs-independiente\/","title":{"rendered":"Contin\u00faa: a partir de las 19:30 se reanuda Banfield vs. Independiente"},"content":{"rendered":"<p><strong>Independiente y Banfield contin\u00faan los 22 minutos restantes por la fecha 8 del Torneo Apertura.<\/strong><\/p>\n<p>Este martes <strong>desde las 19:30<\/strong> en el estadio Florencio Sola, el Rojo y el Taladro finalizar\u00e1n el partido suspendido del fin de semana por las condiciones clim\u00e1ticas.<strong> Adem\u00e1s de cambios en el sexteto arbitral, hay otras cuestiones reglamentarias a tener en cuenta.<\/strong><\/p>\n<p><strong>Se disputar\u00e1n 22 minutos, repartidos en dos tiempos de 11 minutos cada uno, pero sin entretiempo.<\/strong> Ambos equipos podr\u00e1n hacer modificaciones en su once inicial, pero cada uno deber\u00e1 tener en cuenta lo siguiente.<\/p>\n<p>Por el lado de Independiente, <strong>Mat\u00edas Gim\u00e9nez y Federico Mancuello fueron reemplazados, por lo tanto no pueden disputar lo que resta<\/strong>. Adem\u00e1s, <strong>le quedan 3 cambios en 2 ventanas disponibles. \u00c1lvaro Angulo y Sebasti\u00e1n Vald\u00e9z est\u00e1n amonestados (el otro era Mancuello, pero no ser\u00e1 de la partida).<\/strong><\/p>\n<p><strong>Banfield no podr\u00e1 utilizar a Joaqu\u00edn Pombo, que tambi\u00e9n dej\u00f3 la cancha. Juan Bisanz, Lautaro R\u00edos y Mathias Ritis vieron la amarilla.<\/strong><\/p>\n<p>Silvio Trucco no ser\u00e1 el juez, ya que fue designado por Conmebol para el VAR en el encuentro internacional entre Barcelona de Ecuador y Corinthians de Brasil, por la Fase 3 de la Copa Libertadores. <strong>Su lugar ser\u00e1 ocupado por <a href=\"https:\/\/www.locoxelrojo.com\/independiente\/2025\/03\/04\/cambio-de-arbitros-balino-estara-con-banfield\/\">Jorge Bali\u00f1o<\/a>.<\/strong><\/p>\n","protected":false},"excerpt":{"rendered":"<p>Independiente y Banfield contin\u00faan los 22 minutos restantes por la fecha 8 del Torneo Apertura. Este martes desde las 19:30 en el estadio Florencio Sola, el Rojo y el Taladro finalizar\u00e1n el partido suspendido del fin de semana por las condiciones clim\u00e1ticas. Adem\u00e1s de cambios en el sexteto arbitral, hay otras cuestiones reglamentarias a tener [&hellip;]<\/p>\n","protected":false},"author":1,"featured_media":124031,"comment_status":"open","ping_status":"closed","sticky":false,"template":"","format":"standard","meta":{"_links_to":"","_links_to_target":""},"categories":[3247,3],"tags":[677,153,159,5633,5734],"_links":{"self":[{"href":"https:\/\/www.locoxelrojo.com\/independiente\/wp-json\/wp\/v2\/posts\/124030"}],"collection":[{"href":"https:\/\/www.locoxelrojo.com\/independiente\/wp-json\/wp\/v2\/posts"}],"about":[{"href":"https:\/\/www.locoxelrojo.com\/independiente\/wp-json\/wp\/v2\/types\/post"}],"author":[{"embeddable":true,"href":"https:\/\/www.locoxelrojo.com\/independiente\/wp-json\/wp\/v2\/users\/1"}],"replies":[{"embeddable":true,"href":"https:\/\/www.locoxelrojo.com\/independiente\/wp-json\/wp\/v2\/comments?post=124030"}],"version-history":[{"count":1,"href":"https:\/\/www.locoxelrojo.com\/independiente\/wp-json\/wp\/v2\/posts\/124030\/revisions"}],"predecessor-version":[{"id":124032,"href":"https:\/\/www.locoxelrojo.com\/independiente\/wp-json\/wp\/v2\/posts\/124030\/revisions\/124032"}],"wp:featuredmedia":[{"embeddable":true,"href":"https:\/\/www.locoxelrojo.com\/independiente\/wp-json\/wp\/v2\/media\/124031"}],"wp:attachment":[{"href":"https:\/\/www.locoxelrojo.com\/independiente\/wp-json\/wp\/v2\/media?parent=124030"}],"wp:term":[{"taxonomy":"category","embeddable":true,"href":"https:\/\/www.locoxelrojo.com\/independiente\/wp-json\/wp\/v2\/categories?post=124030"},{"taxonomy":"post_tag","embeddable":true,"href":"https:\/\/www.locoxelrojo.com\/independiente\/wp-json\/wp\/v2\/tags?post=124030"}],"curies":[{"name":"wp","href":"https:\/\/api.w.org\/{rel}","templated":true}]}}