{"id":124036,"date":"2025-03-04T19:50:34","date_gmt":"2025-03-04T22:50:34","guid":{"rendered":"https:\/\/www.locoxelrojo.com\/independiente\/?p=124036"},"modified":"2025-03-04T21:24:53","modified_gmt":"2025-03-05T00:24:53","slug":"valdez-vinimos-a-buscar-los-3-puntos-pero-no-nos-alcanzo-el-tiempo","status":"publish","type":"post","link":"https:\/\/www.locoxelrojo.com\/independiente\/2025\/03\/04\/valdez-vinimos-a-buscar-los-3-puntos-pero-no-nos-alcanzo-el-tiempo\/","title":{"rendered":"Vald\u00e9z: \u201cVinimos a buscar los 3 puntos, pero no nos alcanz\u00f3 el tiempo\u201d"},"content":{"rendered":"<p><strong>Sebasti\u00e1n Vald\u00e9z habl\u00f3 luego del empate 0-0 entre Independiente y Banfield en el Florencio Sola, por la fecha 8 del Torneo Apertura 2025.<\/strong><\/p>\n<p><strong>&#8220;Complicado porque no estamos acostumbrados a prepararnos para jugar 20 minutos. El poco tiempo que se jug\u00f3 sali\u00f3 lindo el partido. Nuestra idea era venir a llevarnos los 3 puntos, pero fue muy poco tiempo como para desarrollar algo m\u00e1s&#8221;<\/strong>, analiz\u00f3.<\/p>\n<p><strong>&#8220;Ni siquiera hubo un entretiempo como solemos estar acostumbrados, en donde ajustas cosas y dem\u00e1s&#8221;<\/strong>, agreg\u00f3.<\/p>\n<p>Acerca del presente del equipo, que se encuentra puntero de su zona junto a Rosario Central y San Lorenzo, coment\u00f3: <strong>&#8220;Estamos creciendo y aceitando cada vez m\u00e1s la idea que tiene el t\u00e9cnico. Es importante tambi\u00e9n que lo podamos plasmar en resultados. Seguimos estando ah\u00ed arriba&#8221;.<\/strong><\/p>\n<p>Por \u00faltimo, hizo referencia a las salidas suyas y de su dupla central, Kevin Lom\u00f3naco: &#8220;<strong>Es un poco tambi\u00e9n la idea que tiene Julio (Vaccari). Siempre lo hacemos con responsabilidad. Estamos creciendo juntos y creo que el equipo est\u00e1 evolucionando cada vez m\u00e1s&#8221;.<\/strong><\/p>\n","protected":false},"excerpt":{"rendered":"<p>Sebasti\u00e1n Vald\u00e9z habl\u00f3 luego del empate 0-0 entre Independiente y Banfield en el Florencio Sola, por la fecha 8 del Torneo Apertura 2025. &#8220;Complicado porque no estamos acostumbrados a prepararnos para jugar 20 minutos. El poco tiempo que se jug\u00f3 sali\u00f3 lindo el partido. Nuestra idea era venir a llevarnos los 3 puntos, pero fue [&hellip;]<\/p>\n","protected":false},"author":101037,"featured_media":124046,"comment_status":"open","ping_status":"closed","sticky":false,"template":"","format":"standard","meta":{"_links_to":"","_links_to_target":""},"categories":[3247,3],"tags":[677,153,5753,5734],"_links":{"self":[{"href":"https:\/\/www.locoxelrojo.com\/independiente\/wp-json\/wp\/v2\/posts\/124036"}],"collection":[{"href":"https:\/\/www.locoxelrojo.com\/independiente\/wp-json\/wp\/v2\/posts"}],"about":[{"href":"https:\/\/www.locoxelrojo.com\/independiente\/wp-json\/wp\/v2\/types\/post"}],"author":[{"embeddable":true,"href":"https:\/\/www.locoxelrojo.com\/independiente\/wp-json\/wp\/v2\/users\/101037"}],"replies":[{"embeddable":true,"href":"https:\/\/www.locoxelrojo.com\/independiente\/wp-json\/wp\/v2\/comments?post=124036"}],"version-history":[{"count":4,"href":"https:\/\/www.locoxelrojo.com\/independiente\/wp-json\/wp\/v2\/posts\/124036\/revisions"}],"predecessor-version":[{"id":124047,"href":"https:\/\/www.locoxelrojo.com\/independiente\/wp-json\/wp\/v2\/posts\/124036\/revisions\/124047"}],"wp:featuredmedia":[{"embeddable":true,"href":"https:\/\/www.locoxelrojo.com\/independiente\/wp-json\/wp\/v2\/media\/124046"}],"wp:attachment":[{"href":"https:\/\/www.locoxelrojo.com\/independiente\/wp-json\/wp\/v2\/media?parent=124036"}],"wp:term":[{"taxonomy":"category","embeddable":true,"href":"https:\/\/www.locoxelrojo.com\/independiente\/wp-json\/wp\/v2\/categories?post=124036"},{"taxonomy":"post_tag","embeddable":true,"href":"https:\/\/www.locoxelrojo.com\/independiente\/wp-json\/wp\/v2\/tags?post=124036"}],"curies":[{"name":"wp","href":"https:\/\/api.w.org\/{rel}","templated":true}]}}