{"id":124074,"date":"2025-03-07T20:20:41","date_gmt":"2025-03-07T23:20:41","guid":{"rendered":"https:\/\/www.locoxelrojo.com\/independiente\/?p=124074"},"modified":"2025-03-08T00:03:58","modified_gmt":"2025-03-08T03:03:58","slug":"loyola-y-cabral-convocados-a-la-seleccion-de-chile","status":"publish","type":"post","link":"https:\/\/www.locoxelrojo.com\/independiente\/2025\/03\/07\/loyola-y-cabral-convocados-a-la-seleccion-de-chile\/","title":{"rendered":"Loyola y Cabral convocados a la Selecci\u00f3n de Chile"},"content":{"rendered":"<p><strong>Felipe Loyola y Luciano Cabral<\/strong> fueron convocados por la Selecci\u00f3n de Chile para disputar la doble jornada de Eliminatorias Sudamericanas.<\/p>\n<p>A menos de dos semanas, Ricardo Gareca entreg\u00f3 la lista de futbolistas citados para jugar <strong>la fecha 13 y 14 de la clasificaci\u00f3n al Mundial 2026.<\/strong><\/p>\n<p><strong>Independiente contar\u00e1 con presencia de Loyola y Cabral en La Roja<\/strong>. Pipe es habitualmente convocado y el buen presente de Cabral lo llev\u00f3 a ser tenido en cuenta por el Tigre.<\/p>\n<p><strong>Primero Chile visitar\u00e1 a Paraguay y luego recibir\u00e1 a Ecuador.<\/strong><\/p>\n<blockquote class=\"twitter-tweet\">\n<p dir=\"ltr\" lang=\"es\"> La N\u00f3mina de <a href=\"https:\/\/twitter.com\/hashtag\/LaRoja?src=hash&amp;ref_src=twsrc%5Etfw\">#LaRoja<\/a>  para la doble Fecha Eliminatoria de Marzo<\/p>\n<p>\u00a1Vamos Chile! <a href=\"https:\/\/twitter.com\/hashtag\/SiempreConLaRoja?src=hash&amp;ref_src=twsrc%5Etfw\">#SiempreConLaRoja<\/a><a href=\"https:\/\/twitter.com\/hashtag\/SomosLaRoja?src=hash&amp;ref_src=twsrc%5Etfw\">#SomosLaRoja<\/a><a href=\"https:\/\/twitter.com\/hashtag\/Chile?src=hash&amp;ref_src=twsrc%5Etfw\">#Chile<\/a> <a href=\"https:\/\/t.co\/etUnWcUe4o\">pic.twitter.com\/etUnWcUe4o<\/a><\/p>\n<p>\u2014 Selecci\u00f3n Chilena (@LaRoja) <a href=\"https:\/\/twitter.com\/LaRoja\/status\/1898060678516150340?ref_src=twsrc%5Etfw\">March 7, 2025<\/a><\/p><\/blockquote>\n<p><script async src=\"https:\/\/platform.twitter.com\/widgets.js\" charset=\"utf-8\"><\/script><\/p>\n","protected":false},"excerpt":{"rendered":"<p>Felipe Loyola y Luciano Cabral fueron convocados por la Selecci\u00f3n de Chile para disputar la doble jornada de Eliminatorias Sudamericanas. A menos de dos semanas, Ricardo Gareca entreg\u00f3 la lista de futbolistas citados para jugar la fecha 13 y 14 de la clasificaci\u00f3n al Mundial 2026. Independiente contar\u00e1 con presencia de Loyola y Cabral en [&hellip;]<\/p>\n","protected":false},"author":1,"featured_media":124075,"comment_status":"open","ping_status":"closed","sticky":false,"template":"","format":"standard","meta":{"_links_to":"","_links_to_target":""},"categories":[3280,3247],"tags":[153,5659,5745,1017,4023],"_links":{"self":[{"href":"https:\/\/www.locoxelrojo.com\/independiente\/wp-json\/wp\/v2\/posts\/124074"}],"collection":[{"href":"https:\/\/www.locoxelrojo.com\/independiente\/wp-json\/wp\/v2\/posts"}],"about":[{"href":"https:\/\/www.locoxelrojo.com\/independiente\/wp-json\/wp\/v2\/types\/post"}],"author":[{"embeddable":true,"href":"https:\/\/www.locoxelrojo.com\/independiente\/wp-json\/wp\/v2\/users\/1"}],"replies":[{"embeddable":true,"href":"https:\/\/www.locoxelrojo.com\/independiente\/wp-json\/wp\/v2\/comments?post=124074"}],"version-history":[{"count":1,"href":"https:\/\/www.locoxelrojo.com\/independiente\/wp-json\/wp\/v2\/posts\/124074\/revisions"}],"predecessor-version":[{"id":124076,"href":"https:\/\/www.locoxelrojo.com\/independiente\/wp-json\/wp\/v2\/posts\/124074\/revisions\/124076"}],"wp:featuredmedia":[{"embeddable":true,"href":"https:\/\/www.locoxelrojo.com\/independiente\/wp-json\/wp\/v2\/media\/124075"}],"wp:attachment":[{"href":"https:\/\/www.locoxelrojo.com\/independiente\/wp-json\/wp\/v2\/media?parent=124074"}],"wp:term":[{"taxonomy":"category","embeddable":true,"href":"https:\/\/www.locoxelrojo.com\/independiente\/wp-json\/wp\/v2\/categories?post=124074"},{"taxonomy":"post_tag","embeddable":true,"href":"https:\/\/www.locoxelrojo.com\/independiente\/wp-json\/wp\/v2\/tags?post=124074"}],"curies":[{"name":"wp","href":"https:\/\/api.w.org\/{rel}","templated":true}]}}