{"id":124137,"date":"2025-03-10T21:30:51","date_gmt":"2025-03-11T00:30:51","guid":{"rendered":"https:\/\/www.locoxelrojo.com\/independiente\/?p=124137"},"modified":"2025-03-11T12:08:56","modified_gmt":"2025-03-11T15:08:56","slug":"hidalgo-y-millan-otra-vez-de-seleccion","status":"publish","type":"post","link":"https:\/\/www.locoxelrojo.com\/independiente\/2025\/03\/10\/hidalgo-y-millan-otra-vez-de-seleccion\/","title":{"rendered":"Hidalgo y Mill\u00e1n, otra vez de Selecci\u00f3n"},"content":{"rendered":"<p><strong>Diego Placente, entrenador de la Selecci\u00f3n Argentina Sub 20, cit\u00f3 a los 2 futbolistas de Independiente para una serie de entrenamientos.<\/strong><\/p>\n<p>Luego del Sudamericano en el que la Albiceleste consigui\u00f3 clasificarse al Mundial de Chile 2025, <strong>Santiago Hidalgo volvi\u00f3 a ser convocado, manteni\u00e9ndose en la lista<\/strong>.<\/p>\n<p>Por su parte, <strong>Lautaro Mill\u00e1n, que hab\u00eda quedado fuera<\/strong> de dicha competici\u00f3n a pesar de formar parte del plantel en m\u00e1s de una ocasi\u00f3n, <strong>volver\u00e1 a representar al pa\u00eds<\/strong>.<\/p>\n<p>Cabe recalcar que <strong>dicha convocatoria ser\u00e1 desde el pr\u00f3ximo lunes 17 de marzo<\/strong> <strong>hasta el s\u00e1bado 22<\/strong>, en el marco de la <strong>Fecha FIFA.<\/strong> <strong>Ninguno de los jugadores se perder\u00e1 compromisos con el Rey de Copas.<\/strong><\/p>\n","protected":false},"excerpt":{"rendered":"<p>Diego Placente, entrenador de la Selecci\u00f3n Argentina Sub 20, cit\u00f3 a los 2 futbolistas de Independiente para una serie de entrenamientos. Luego del Sudamericano en el que la Albiceleste consigui\u00f3 clasificarse al Mundial de Chile 2025, Santiago Hidalgo volvi\u00f3 a ser convocado, manteni\u00e9ndose en la lista. Por su parte, Lautaro Mill\u00e1n, que hab\u00eda quedado fuera [&hellip;]<\/p>\n","protected":false},"author":101039,"featured_media":121476,"comment_status":"open","ping_status":"closed","sticky":false,"template":"","format":"standard","meta":{"_links_to":"","_links_to_target":""},"categories":[3247,3],"tags":[153,5149,4200,226],"_links":{"self":[{"href":"https:\/\/www.locoxelrojo.com\/independiente\/wp-json\/wp\/v2\/posts\/124137"}],"collection":[{"href":"https:\/\/www.locoxelrojo.com\/independiente\/wp-json\/wp\/v2\/posts"}],"about":[{"href":"https:\/\/www.locoxelrojo.com\/independiente\/wp-json\/wp\/v2\/types\/post"}],"author":[{"embeddable":true,"href":"https:\/\/www.locoxelrojo.com\/independiente\/wp-json\/wp\/v2\/users\/101039"}],"replies":[{"embeddable":true,"href":"https:\/\/www.locoxelrojo.com\/independiente\/wp-json\/wp\/v2\/comments?post=124137"}],"version-history":[{"count":1,"href":"https:\/\/www.locoxelrojo.com\/independiente\/wp-json\/wp\/v2\/posts\/124137\/revisions"}],"predecessor-version":[{"id":124138,"href":"https:\/\/www.locoxelrojo.com\/independiente\/wp-json\/wp\/v2\/posts\/124137\/revisions\/124138"}],"wp:featuredmedia":[{"embeddable":true,"href":"https:\/\/www.locoxelrojo.com\/independiente\/wp-json\/wp\/v2\/media\/121476"}],"wp:attachment":[{"href":"https:\/\/www.locoxelrojo.com\/independiente\/wp-json\/wp\/v2\/media?parent=124137"}],"wp:term":[{"taxonomy":"category","embeddable":true,"href":"https:\/\/www.locoxelrojo.com\/independiente\/wp-json\/wp\/v2\/categories?post=124137"},{"taxonomy":"post_tag","embeddable":true,"href":"https:\/\/www.locoxelrojo.com\/independiente\/wp-json\/wp\/v2\/tags?post=124137"}],"curies":[{"name":"wp","href":"https:\/\/api.w.org\/{rel}","templated":true}]}}