{"id":124255,"date":"2025-03-21T17:18:02","date_gmt":"2025-03-21T20:18:02","guid":{"rendered":"https:\/\/www.locoxelrojo.com\/independiente\/?p=124255"},"modified":"2025-03-24T17:34:17","modified_gmt":"2025-03-24T20:34:17","slug":"la-reserva-cayo-con-velez","status":"publish","type":"post","link":"https:\/\/www.locoxelrojo.com\/independiente\/2025\/03\/21\/la-reserva-cayo-con-velez\/","title":{"rendered":"La Reserva cay\u00f3 con V\u00e9lez"},"content":{"rendered":"<p><strong>Independiente cay\u00f3 con V\u00e9lez 2-1 en la fecha 5 del Torneo Apertura Proyecci\u00f3n.<\/strong><\/p>\n<p>En el predio de Villa Dom\u00ednico, <strong>los dirigidos por Mart\u00edn Di Diego sumaron una nueva derrota y a\u00fan en lo que va del 2025 no pudieron conseguir un triunfo<\/strong>.<\/p>\n<p><strong>Manuel Tasso, Luciano Barros Ayala, Francisco Radetich, Agust\u00edn Lara, Jonathan De Irastorza; Joel Medina, Jerem\u00edas Marchini, Lucas Gonz\u00e1lez; Enzo Taborda, Santino Viollaz y Mirko D\u00edaz<\/strong>, fueron los titulares. Luego, ingresaron: <strong>Sim\u00f3n Bodnar, Nahuel Junco, Mateo P\u00e9rez Curci y Thiago Mastrolorenzo<\/strong>.<\/p>\n<p>Esta vez la cosa arranc\u00f3 bien, porque <strong>Independiente se puso en ventaja por 1-0 con el tanto de Medina, pero luego el Fort\u00edn lo dio vuelta y sell\u00f3 el 2-1 final<\/strong>.<\/p>\n<p><strong>2 puntos sobre 15 en juego<\/strong> para los pibes del Rojo. La pr\u00f3xima jornada ser\u00e1 con Platense, en condici\u00f3n de visitante.<\/p>\n<blockquote class=\"twitter-tweet\">\n<p dir=\"ltr\" lang=\"es\">\u23f1\ufe0f Final del partido para la <a href=\"https:\/\/twitter.com\/hashtag\/Reserva?src=hash&amp;ref_src=twsrc%5Etfw\">#Reserva<\/a><a href=\"https:\/\/twitter.com\/hashtag\/Independiente?src=hash&amp;ref_src=twsrc%5Etfw\">#Independiente<\/a> 1 &#8211; 2 V\u00e9lez<\/p>\n<p>\u26bd Joel Medina<a href=\"https:\/\/twitter.com\/hashtag\/TorneoProyecci%C3%B3n?src=hash&amp;ref_src=twsrc%5Etfw\">#TorneoProyecci\u00f3n<\/a> <a href=\"https:\/\/t.co\/Zc42vmrwGp\">pic.twitter.com\/Zc42vmrwGp<\/a><\/p>\n<p>\u2014 C. A. Independiente (@Independiente) <a href=\"https:\/\/twitter.com\/Independiente\/status\/1903191323546427628?ref_src=twsrc%5Etfw\">March 21, 2025<\/a><\/p><\/blockquote>\n<p><script async src=\"https:\/\/platform.twitter.com\/widgets.js\" charset=\"utf-8\"><\/script><\/p>\n","protected":false},"excerpt":{"rendered":"<p>Independiente cay\u00f3 con V\u00e9lez 2-1 en la fecha 5 del Torneo Apertura Proyecci\u00f3n. En el predio de Villa Dom\u00ednico, los dirigidos por Mart\u00edn Di Diego sumaron una nueva derrota y a\u00fan en lo que va del 2025 no pudieron conseguir un triunfo. Manuel Tasso, Luciano Barros Ayala, Francisco Radetich, Agust\u00edn Lara, Jonathan De Irastorza; Joel [&hellip;]<\/p>\n","protected":false},"author":1,"featured_media":124256,"comment_status":"open","ping_status":"closed","sticky":false,"template":"","format":"standard","meta":{"_links_to":"","_links_to_target":""},"categories":[3247,141],"tags":[5430,5705,231,5779,2722],"_links":{"self":[{"href":"https:\/\/www.locoxelrojo.com\/independiente\/wp-json\/wp\/v2\/posts\/124255"}],"collection":[{"href":"https:\/\/www.locoxelrojo.com\/independiente\/wp-json\/wp\/v2\/posts"}],"about":[{"href":"https:\/\/www.locoxelrojo.com\/independiente\/wp-json\/wp\/v2\/types\/post"}],"author":[{"embeddable":true,"href":"https:\/\/www.locoxelrojo.com\/independiente\/wp-json\/wp\/v2\/users\/1"}],"replies":[{"embeddable":true,"href":"https:\/\/www.locoxelrojo.com\/independiente\/wp-json\/wp\/v2\/comments?post=124255"}],"version-history":[{"count":1,"href":"https:\/\/www.locoxelrojo.com\/independiente\/wp-json\/wp\/v2\/posts\/124255\/revisions"}],"predecessor-version":[{"id":124257,"href":"https:\/\/www.locoxelrojo.com\/independiente\/wp-json\/wp\/v2\/posts\/124255\/revisions\/124257"}],"wp:featuredmedia":[{"embeddable":true,"href":"https:\/\/www.locoxelrojo.com\/independiente\/wp-json\/wp\/v2\/media\/124256"}],"wp:attachment":[{"href":"https:\/\/www.locoxelrojo.com\/independiente\/wp-json\/wp\/v2\/media?parent=124255"}],"wp:term":[{"taxonomy":"category","embeddable":true,"href":"https:\/\/www.locoxelrojo.com\/independiente\/wp-json\/wp\/v2\/categories?post=124255"},{"taxonomy":"post_tag","embeddable":true,"href":"https:\/\/www.locoxelrojo.com\/independiente\/wp-json\/wp\/v2\/tags?post=124255"}],"curies":[{"name":"wp","href":"https:\/\/api.w.org\/{rel}","templated":true}]}}