{"id":12428,"date":"2011-11-02T15:38:14","date_gmt":"2011-11-02T18:38:14","guid":{"rendered":"http:\/\/www.locoxelrojo.com.ar\/independiente\/?p=12428"},"modified":"2015-09-18T23:41:46","modified_gmt":"2015-09-19T02:41:46","slug":"concentrados-5","status":"publish","type":"post","link":"https:\/\/www.locoxelrojo.com\/independiente\/2011\/11\/02\/concentrados-5\/","title":{"rendered":"Concentrados vs. All Boys"},"content":{"rendered":"<p><a href=\"http:\/\/www.locoxelrojo.com.ar\/independiente\/wp-content\/uploads\/2011\/11\/gabriel-valles.gif\"><img loading=\"lazy\" class=\"alignnone size-full wp-image-12430\" title=\"gabriel-valles\" src=\"http:\/\/www.locoxelrojo.com.ar\/independiente\/wp-content\/uploads\/2011\/11\/gabriel-valles.gif\" alt=\"\" width=\"590\" height=\"315\" srcset=\"https:\/\/locoxelrojo.com\/independiente\/wp-content\/uploads\/2011\/11\/gabriel-valles.gif 590w, https:\/\/locoxelrojo.com\/independiente\/wp-content\/uploads\/2011\/11\/gabriel-valles-300x160.gif 300w\" sizes=\"(max-width: 590px) 100vw, 590px\" \/><\/a><\/p>\n<p>Luego de la pr\u00e1ctica matutina en el Libertadores de Am\u00e9rica, Ram\u00f3n D\u00edaz dio la lista de los concentrados de cara al choque frente a All Boys del pr\u00f3ximo viernes a las 17:05. La rotaci\u00f3n de arqueros sigue estando presente. En esta oportunidad, el que se qued\u00f3 afuera fue Adri\u00e1n Gabbarini.<\/p>\n<p>Por otro lado, producto de la lesi\u00f3n de Juli\u00e1n Vel\u00e1zquez, Ram\u00f3n D\u00edaz incluy\u00f3 a Leonel Galeano. Gabriel Vall\u00e9s, tambi\u00e9n tendr\u00e1 su lugar y el que qued\u00f3 afuera nuevamente fue Iv\u00e1n V\u00e9lez. Entre los volantes, se destaca la inclusi\u00f3n de Iv\u00e1n P\u00e9rez y la vuelta de Lucas Villafa\u00f1ez. Parra, N\u00fa\u00f1ez, Chur\u00edn y Marco P\u00e9rez fueron los delanteros elegidos.<\/p>\n<p><strong><em>A continuaci\u00f3n, la lista completa:<\/em><\/strong><\/p>\n<p><strong>Arqueros: <\/strong>Fabi\u00e1n Assmann e Hilario Navarro.<\/p>\n<p><strong>Defensores:<\/strong> Gabriel Milito, Eduardo Tuzzio, Gabriel Vall\u00e9s, Leonel Galeano, Maximiliano Vel\u00e1zquez, Adri\u00e1n Argach\u00e1 y Carlos Matheu.<\/p>\n<p><strong>Volantes: <\/strong>Fernando Godoy, Lucas Villafa\u00f1ez, Mat\u00edas Defederico, Iv\u00e1n P\u00e9rez y Osmar Ferreyra.<\/p>\n<p><strong>Delanteros: <\/strong>Leonel Nu\u00f1ez, Facundo Parra, Marco P\u00e9rez y Diego Chur\u00edn.<\/p>\n","protected":false},"excerpt":{"rendered":"<p>Luego de la pr\u00e1ctica matutina en el Libertadores de Am\u00e9rica, Ram\u00f3n D\u00edaz dio la lista de los concentrados de cara al choque frente a All Boys del pr\u00f3ximo viernes a las 17:05. La rotaci\u00f3n de arqueros sigue estando presente. En esta oportunidad, el que se qued\u00f3 afuera fue Adri\u00e1n Gabbarini. Por otro lado, producto de [&hellip;]<\/p>\n","protected":false},"author":1,"featured_media":0,"comment_status":"open","ping_status":"open","sticky":false,"template":"","format":"standard","meta":{"_links_to":"","_links_to_target":""},"categories":[3,1],"tags":[972,153,3035],"_links":{"self":[{"href":"https:\/\/www.locoxelrojo.com\/independiente\/wp-json\/wp\/v2\/posts\/12428"}],"collection":[{"href":"https:\/\/www.locoxelrojo.com\/independiente\/wp-json\/wp\/v2\/posts"}],"about":[{"href":"https:\/\/www.locoxelrojo.com\/independiente\/wp-json\/wp\/v2\/types\/post"}],"author":[{"embeddable":true,"href":"https:\/\/www.locoxelrojo.com\/independiente\/wp-json\/wp\/v2\/users\/1"}],"replies":[{"embeddable":true,"href":"https:\/\/www.locoxelrojo.com\/independiente\/wp-json\/wp\/v2\/comments?post=12428"}],"version-history":[{"count":0,"href":"https:\/\/www.locoxelrojo.com\/independiente\/wp-json\/wp\/v2\/posts\/12428\/revisions"}],"wp:attachment":[{"href":"https:\/\/www.locoxelrojo.com\/independiente\/wp-json\/wp\/v2\/media?parent=12428"}],"wp:term":[{"taxonomy":"category","embeddable":true,"href":"https:\/\/www.locoxelrojo.com\/independiente\/wp-json\/wp\/v2\/categories?post=12428"},{"taxonomy":"post_tag","embeddable":true,"href":"https:\/\/www.locoxelrojo.com\/independiente\/wp-json\/wp\/v2\/tags?post=12428"}],"curies":[{"name":"wp","href":"https:\/\/api.w.org\/{rel}","templated":true}]}}