{"id":12432,"date":"2011-11-02T15:48:32","date_gmt":"2011-11-02T18:48:32","guid":{"rendered":"http:\/\/www.locoxelrojo.com.ar\/independiente\/?p=12432"},"modified":"2015-09-18T23:42:02","modified_gmt":"2015-09-19T02:42:02","slug":"se-perfila-el-11-2","status":"publish","type":"post","link":"https:\/\/www.locoxelrojo.com\/independiente\/2011\/11\/02\/se-perfila-el-11-2\/","title":{"rendered":"Se perfila el 11"},"content":{"rendered":"<p><a href=\"http:\/\/www.locoxelrojo.com.ar\/independiente\/wp-content\/uploads\/2011\/11\/Facundo_parra_milito.gif\"><img loading=\"lazy\" class=\"alignnone size-full wp-image-12433\" title=\"Facundo_parra_milito\" src=\"http:\/\/www.locoxelrojo.com.ar\/independiente\/wp-content\/uploads\/2011\/11\/Facundo_parra_milito.gif\" alt=\"\" width=\"590\" height=\"315\" srcset=\"https:\/\/locoxelrojo.com\/independiente\/wp-content\/uploads\/2011\/11\/Facundo_parra_milito.gif 590w, https:\/\/locoxelrojo.com\/independiente\/wp-content\/uploads\/2011\/11\/Facundo_parra_milito-300x160.gif 300w\" sizes=\"(max-width: 590px) 100vw, 590px\" \/><\/a><\/p>\n<p>Independiente volvi\u00f3 a los entrenamientos en el Estadio. La semana corta de trabajo no impidi\u00f3 que el entrenador siga haciendo hincapi\u00e9 en el ataque. En esta oportunidad, los que arrancaron una hora antes con ejercicios de definici\u00f3n fueron Facundo Parra y Marco P\u00e9rez.<\/p>\n<p>Ram\u00f3n D\u00edaz le cerr\u00f3 la puerta al periodismo y el Rojo trabajo sobre lo t\u00e1ctico, pensando en All Boys. El equipo de Floresta a\u00fan no pudo ganar de local y es por eso que el Rojo ir\u00eda de arranque con Mat\u00edas Defederico; Chur\u00edn y Marco P\u00e9rez. Si bien Fabi\u00e1n Assman no se entren\u00f3 por un golpe en su hombro, el propio jugador manifest\u00f3 que llegar\u00e1 sin problemas a las 17:05 del viernes.<\/p>\n<p>Los 11 ser\u00edan <strong>Fabi\u00e1n Assmann; Carlos Matheu, Eduardo Tuzzio, Gabriel Milito, Adri\u00e1n Argach\u00e1; Hern\u00e1n Fredes, Fernando Godoy, Osmar Ferreyra; Mat\u00edas Defederico; Diego Chur\u00edn y Marco P\u00e9rez<\/strong>. En condici\u00f3n de visitante, Independiente suma 1 victoria de visitante, 2 empates y 3 derrotas con 4 goles a favor y 8 en contra.<\/p>\n<p>Al t\u00e9rmino de la pr\u00e1ctica, los jugadores compartieron un asado con Julio Comparada y Leandro Battafarano.<\/p>\n","protected":false},"excerpt":{"rendered":"<p>Independiente volvi\u00f3 a los entrenamientos en el Estadio. La semana corta de trabajo no impidi\u00f3 que el entrenador siga haciendo hincapi\u00e9 en el ataque. En esta oportunidad, los que arrancaron una hora antes con ejercicios de definici\u00f3n fueron Facundo Parra y Marco P\u00e9rez. Ram\u00f3n D\u00edaz le cerr\u00f3 la puerta al periodismo y el Rojo trabajo [&hellip;]<\/p>\n","protected":false},"author":1,"featured_media":0,"comment_status":"open","ping_status":"open","sticky":false,"template":"","format":"standard","meta":{"_links_to":"","_links_to_target":""},"categories":[3,1],"tags":[27,153,163,78,71,32,33,53,500],"_links":{"self":[{"href":"https:\/\/www.locoxelrojo.com\/independiente\/wp-json\/wp\/v2\/posts\/12432"}],"collection":[{"href":"https:\/\/www.locoxelrojo.com\/independiente\/wp-json\/wp\/v2\/posts"}],"about":[{"href":"https:\/\/www.locoxelrojo.com\/independiente\/wp-json\/wp\/v2\/types\/post"}],"author":[{"embeddable":true,"href":"https:\/\/www.locoxelrojo.com\/independiente\/wp-json\/wp\/v2\/users\/1"}],"replies":[{"embeddable":true,"href":"https:\/\/www.locoxelrojo.com\/independiente\/wp-json\/wp\/v2\/comments?post=12432"}],"version-history":[{"count":0,"href":"https:\/\/www.locoxelrojo.com\/independiente\/wp-json\/wp\/v2\/posts\/12432\/revisions"}],"wp:attachment":[{"href":"https:\/\/www.locoxelrojo.com\/independiente\/wp-json\/wp\/v2\/media?parent=12432"}],"wp:term":[{"taxonomy":"category","embeddable":true,"href":"https:\/\/www.locoxelrojo.com\/independiente\/wp-json\/wp\/v2\/categories?post=12432"},{"taxonomy":"post_tag","embeddable":true,"href":"https:\/\/www.locoxelrojo.com\/independiente\/wp-json\/wp\/v2\/tags?post=12432"}],"curies":[{"name":"wp","href":"https:\/\/api.w.org\/{rel}","templated":true}]}}