{"id":124421,"date":"2025-04-05T15:35:16","date_gmt":"2025-04-05T18:35:16","guid":{"rendered":"https:\/\/www.locoxelrojo.com\/independiente\/?p=124421"},"modified":"2025-04-06T00:53:44","modified_gmt":"2025-04-06T03:53:44","slug":"concentrados-vs-lanus-vuelve-el-chaco-martinez","status":"publish","type":"post","link":"https:\/\/www.locoxelrojo.com\/independiente\/2025\/04\/05\/concentrados-vs-lanus-vuelve-el-chaco-martinez\/","title":{"rendered":"Concentrados vs. Lan\u00fas: vuelve el Chaco Mart\u00ednez"},"content":{"rendered":"<p><strong>Julio Vaccari<\/strong> dio la lista de concentrados para visitar a Lan\u00fas, por la fecha 12 del Torneo Apertura.<\/p>\n<p>El Rojo se ver\u00e1 las caras con el Granate, <strong>este domingo a las 15:30 horas en el Estadio Ciudad de Lan\u00fas &#8211; N\u00e9stor D\u00edaz P\u00e9rez.<\/strong><\/p>\n<p>Con <strong>la vuelta de Braian Martinez<\/strong>, el DT decidi\u00f3 citar a 24 futbolistas. De los que viajaron a Bolivia, se quedaron afuera: <strong>Manuel Tasso, Gonzalo Bord\u00f3n y Joel Medina<\/strong>.<\/p>\n<h2>Los concentrados:<\/h2>\n<p><strong>Arqueros:<\/strong> Joaqu\u00edn Blazquez, Rodrigo Rey.<\/p>\n<p><strong>Defensores:<\/strong> Adri\u00e1n Sp\u00f6rle, Federico Vera, Kevin Lom\u00f3naco, Franco Paredes, Sebasti\u00e1n Vald\u00e9z, \u00c1lvaro Angulo.<\/p>\n<p><strong>Mediocampistas:<\/strong> Felipe Loyola, Pablo Galdames, Luciano Cabral, Federico Mancuello, Lautaro Mill\u00e1n, Rodrigo Fern\u00e1ndez Cedr\u00e9s, David Mart\u00ednez, Ivan Marcone.<\/p>\n<p><strong>Delanteros:<\/strong> Santiago Montiel, Gabriel \u00c1valos, Santiago Hidalgo, Ignacio Maestro Puch, Lucas Rom\u00e1n, Braian Mart\u00ednez, Diego Tarzia y Mat\u00edas Gim\u00e9nez.<\/p>\n<blockquote class=\"twitter-tweet\">\n<p dir=\"ltr\" lang=\"es\"> Estos son los convocados por Julio Vaccari para visitar a Lan\u00fas en el N\u00e9stor D\u00edaz P\u00e9rez.<a href=\"https:\/\/twitter.com\/hashtag\/TodoRojo?src=hash&amp;ref_src=twsrc%5Etfw\">#TodoRojo<\/a>  <a href=\"https:\/\/t.co\/muvowzc1XT\">pic.twitter.com\/muvowzc1XT<\/a><\/p>\n<p>\u2014 C. A. Independiente (@Independiente) <a href=\"https:\/\/twitter.com\/Independiente\/status\/1908620483676733730?ref_src=twsrc%5Etfw\">April 5, 2025<\/a><\/p><\/blockquote>\n<p><script async src=\"https:\/\/platform.twitter.com\/widgets.js\" charset=\"utf-8\"><\/script><\/p>\n","protected":false},"excerpt":{"rendered":"<p>Julio Vaccari dio la lista de concentrados para visitar a Lan\u00fas, por la fecha 12 del Torneo Apertura. El Rojo se ver\u00e1 las caras con el Granate, este domingo a las 15:30 horas en el Estadio Ciudad de Lan\u00fas &#8211; N\u00e9stor D\u00edaz P\u00e9rez. Con la vuelta de Braian Martinez, el DT decidi\u00f3 citar a 24 [&hellip;]<\/p>\n","protected":false},"author":101040,"featured_media":124422,"comment_status":"open","ping_status":"closed","sticky":false,"template":"","format":"standard","meta":{"_links_to":"","_links_to_target":""},"categories":[3247,3],"tags":[4452,153,5633,326,5734],"_links":{"self":[{"href":"https:\/\/www.locoxelrojo.com\/independiente\/wp-json\/wp\/v2\/posts\/124421"}],"collection":[{"href":"https:\/\/www.locoxelrojo.com\/independiente\/wp-json\/wp\/v2\/posts"}],"about":[{"href":"https:\/\/www.locoxelrojo.com\/independiente\/wp-json\/wp\/v2\/types\/post"}],"author":[{"embeddable":true,"href":"https:\/\/www.locoxelrojo.com\/independiente\/wp-json\/wp\/v2\/users\/101040"}],"replies":[{"embeddable":true,"href":"https:\/\/www.locoxelrojo.com\/independiente\/wp-json\/wp\/v2\/comments?post=124421"}],"version-history":[{"count":1,"href":"https:\/\/www.locoxelrojo.com\/independiente\/wp-json\/wp\/v2\/posts\/124421\/revisions"}],"predecessor-version":[{"id":124423,"href":"https:\/\/www.locoxelrojo.com\/independiente\/wp-json\/wp\/v2\/posts\/124421\/revisions\/124423"}],"wp:featuredmedia":[{"embeddable":true,"href":"https:\/\/www.locoxelrojo.com\/independiente\/wp-json\/wp\/v2\/media\/124422"}],"wp:attachment":[{"href":"https:\/\/www.locoxelrojo.com\/independiente\/wp-json\/wp\/v2\/media?parent=124421"}],"wp:term":[{"taxonomy":"category","embeddable":true,"href":"https:\/\/www.locoxelrojo.com\/independiente\/wp-json\/wp\/v2\/categories?post=124421"},{"taxonomy":"post_tag","embeddable":true,"href":"https:\/\/www.locoxelrojo.com\/independiente\/wp-json\/wp\/v2\/tags?post=124421"}],"curies":[{"name":"wp","href":"https:\/\/api.w.org\/{rel}","templated":true}]}}