{"id":124446,"date":"2025-04-06T18:05:42","date_gmt":"2025-04-06T21:05:42","guid":{"rendered":"https:\/\/www.locoxelrojo.com\/independiente\/?p=124446"},"modified":"2025-04-06T23:29:36","modified_gmt":"2025-04-07T02:29:36","slug":"paredes-no-lo-pudo-terminar","status":"publish","type":"post","link":"https:\/\/www.locoxelrojo.com\/independiente\/2025\/04\/06\/paredes-no-lo-pudo-terminar\/","title":{"rendered":"Paredes no lo pudo terminar"},"content":{"rendered":"<p><strong>Franco Paredes<\/strong> encendi\u00f3 las alarmas en Independiente. Sali\u00f3 lesionado en el <a href=\"https:\/\/www.locoxelrojo.com\/independiente\/2025\/04\/06\/empate-en-el-sur\/\">empate del Rojo 1-1 frente a Lan\u00fas<\/a>, en la fecha 12 del Torneo Apertura.<\/p>\n<p>El empate en La Fortaleza fue valioso para seguir puntero en la Zona B. No obstante, <strong>dej\u00f3 una mala noticia para Julio Vaccari y una baja de cara a esta seguidilla de partidos.<\/strong><\/p>\n<p><strong>Luego de 37 minutos correctos de Paredes, el central se retir\u00f3 de la cancha desconsolado, producto de una molestia muscular.<\/strong> En su lugar ingres\u00f3 Sebasti\u00e1n Vald\u00e9z.<\/p>\n<p>En las pr\u00f3ximas horas, <strong>al defensor le realizar\u00e1n los correspondientes estudios para saber la gravedad de la lesi\u00f3n<\/strong>. Que sea leve, ya que es un puesto donde el Rojo se qued\u00f3 corto y no tiene recambio dentro del plantel profesional. En caso de ser necesario, deber\u00e1 recurrir a juveniles.<\/p>\n","protected":false},"excerpt":{"rendered":"<p>Franco Paredes encendi\u00f3 las alarmas en Independiente. Sali\u00f3 lesionado en el empate del Rojo 1-1 frente a Lan\u00fas, en la fecha 12 del Torneo Apertura. El empate en La Fortaleza fue valioso para seguir puntero en la Zona B. No obstante, dej\u00f3 una mala noticia para Julio Vaccari y una baja de cara a esta [&hellip;]<\/p>\n","protected":false},"author":101043,"featured_media":123735,"comment_status":"open","ping_status":"closed","sticky":false,"template":"","format":"standard","meta":{"_links_to":"","_links_to_target":""},"categories":[3247,3],"tags":[153,5572,5633,326,5734],"_links":{"self":[{"href":"https:\/\/www.locoxelrojo.com\/independiente\/wp-json\/wp\/v2\/posts\/124446"}],"collection":[{"href":"https:\/\/www.locoxelrojo.com\/independiente\/wp-json\/wp\/v2\/posts"}],"about":[{"href":"https:\/\/www.locoxelrojo.com\/independiente\/wp-json\/wp\/v2\/types\/post"}],"author":[{"embeddable":true,"href":"https:\/\/www.locoxelrojo.com\/independiente\/wp-json\/wp\/v2\/users\/101043"}],"replies":[{"embeddable":true,"href":"https:\/\/www.locoxelrojo.com\/independiente\/wp-json\/wp\/v2\/comments?post=124446"}],"version-history":[{"count":2,"href":"https:\/\/www.locoxelrojo.com\/independiente\/wp-json\/wp\/v2\/posts\/124446\/revisions"}],"predecessor-version":[{"id":124448,"href":"https:\/\/www.locoxelrojo.com\/independiente\/wp-json\/wp\/v2\/posts\/124446\/revisions\/124448"}],"wp:featuredmedia":[{"embeddable":true,"href":"https:\/\/www.locoxelrojo.com\/independiente\/wp-json\/wp\/v2\/media\/123735"}],"wp:attachment":[{"href":"https:\/\/www.locoxelrojo.com\/independiente\/wp-json\/wp\/v2\/media?parent=124446"}],"wp:term":[{"taxonomy":"category","embeddable":true,"href":"https:\/\/www.locoxelrojo.com\/independiente\/wp-json\/wp\/v2\/categories?post=124446"},{"taxonomy":"post_tag","embeddable":true,"href":"https:\/\/www.locoxelrojo.com\/independiente\/wp-json\/wp\/v2\/tags?post=124446"}],"curies":[{"name":"wp","href":"https:\/\/api.w.org\/{rel}","templated":true}]}}