{"id":124468,"date":"2025-04-07T21:42:41","date_gmt":"2025-04-08T00:42:41","guid":{"rendered":"https:\/\/www.locoxelrojo.com\/independiente\/?p=124468"},"modified":"2025-04-07T21:42:41","modified_gmt":"2025-04-08T00:42:41","slug":"paredes-desgarrado","status":"publish","type":"post","link":"https:\/\/www.locoxelrojo.com\/independiente\/2025\/04\/07\/paredes-desgarrado\/","title":{"rendered":"Paredes desgarrado"},"content":{"rendered":"<p><strong>Franco Paredes<\/strong> recibi\u00f3 el parte m\u00e9dico por <a href=\"https:\/\/www.locoxelrojo.com\/independiente\/2025\/04\/06\/paredes-no-lo-pudo-terminar\/\">la lesi\u00f3n<\/a> que sufri\u00f3 en <a href=\"https:\/\/www.locoxelrojo.com\/independiente\/2025\/04\/06\/empate-en-el-sur\/\">el empate 1-1 frente a Lan\u00fas<\/a>, en la fecha 12 del Torneo Apertura.<\/p>\n<p><strong>Malas noticias para Independiente, pero sobre todo para Julio Vaccari<\/strong>. En un puesto con casi nada de recambio y varios juveniles sin experiencia m\u00e1s que un pu\u00f1ado de partidos en Reserva, <strong>el entrenador sufre una baja importante<\/strong>.<\/p>\n<p>Si bien no se trata de un futbolista titular, <strong>es una pieza clave para el recambio necesario en esta seguidilla de partidos.<\/strong><\/p>\n<p>El parte m\u00e9dico arroj\u00f3 que <strong>Paredes sufri\u00f3 un desgarro en el aductor izquierdo<\/strong>. Su alta m\u00e9dica demandar\u00e1 <strong>3 semanas<\/strong> y el defensor ya comenz\u00f3 a trabajar en la recuperaci\u00f3n.<\/p>\n","protected":false},"excerpt":{"rendered":"<p>Franco Paredes recibi\u00f3 el parte m\u00e9dico por la lesi\u00f3n que sufri\u00f3 en el empate 1-1 frente a Lan\u00fas, en la fecha 12 del Torneo Apertura. Malas noticias para Independiente, pero sobre todo para Julio Vaccari. En un puesto con casi nada de recambio y varios juveniles sin experiencia m\u00e1s que un pu\u00f1ado de partidos en [&hellip;]<\/p>\n","protected":false},"author":1,"featured_media":124469,"comment_status":"open","ping_status":"closed","sticky":false,"template":"","format":"standard","meta":{"_links_to":"","_links_to_target":""},"categories":[3247,3],"tags":[153,5572,5633],"_links":{"self":[{"href":"https:\/\/www.locoxelrojo.com\/independiente\/wp-json\/wp\/v2\/posts\/124468"}],"collection":[{"href":"https:\/\/www.locoxelrojo.com\/independiente\/wp-json\/wp\/v2\/posts"}],"about":[{"href":"https:\/\/www.locoxelrojo.com\/independiente\/wp-json\/wp\/v2\/types\/post"}],"author":[{"embeddable":true,"href":"https:\/\/www.locoxelrojo.com\/independiente\/wp-json\/wp\/v2\/users\/1"}],"replies":[{"embeddable":true,"href":"https:\/\/www.locoxelrojo.com\/independiente\/wp-json\/wp\/v2\/comments?post=124468"}],"version-history":[{"count":1,"href":"https:\/\/www.locoxelrojo.com\/independiente\/wp-json\/wp\/v2\/posts\/124468\/revisions"}],"predecessor-version":[{"id":124470,"href":"https:\/\/www.locoxelrojo.com\/independiente\/wp-json\/wp\/v2\/posts\/124468\/revisions\/124470"}],"wp:featuredmedia":[{"embeddable":true,"href":"https:\/\/www.locoxelrojo.com\/independiente\/wp-json\/wp\/v2\/media\/124469"}],"wp:attachment":[{"href":"https:\/\/www.locoxelrojo.com\/independiente\/wp-json\/wp\/v2\/media?parent=124468"}],"wp:term":[{"taxonomy":"category","embeddable":true,"href":"https:\/\/www.locoxelrojo.com\/independiente\/wp-json\/wp\/v2\/categories?post=124468"},{"taxonomy":"post_tag","embeddable":true,"href":"https:\/\/www.locoxelrojo.com\/independiente\/wp-json\/wp\/v2\/tags?post=124468"}],"curies":[{"name":"wp","href":"https:\/\/api.w.org\/{rel}","templated":true}]}}