{"id":124557,"date":"2025-04-12T23:44:29","date_gmt":"2025-04-13T02:44:29","guid":{"rendered":"https:\/\/www.locoxelrojo.com\/independiente\/?p=124557"},"modified":"2025-04-12T23:44:29","modified_gmt":"2025-04-13T02:44:29","slug":"concentrados-vs-san-martin-de-san-juan-salen-dos-entra-uno","status":"publish","type":"post","link":"https:\/\/www.locoxelrojo.com\/independiente\/2025\/04\/12\/concentrados-vs-san-martin-de-san-juan-salen-dos-entra-uno\/","title":{"rendered":"Concentrados vs. San Mart\u00edn de San Juan: salen dos, entra uno"},"content":{"rendered":"<p><strong>Julio Vaccari dio la lista de concentrados para el partido de Independiente ante San Mart\u00edn de San Juan por la fecha 13 del Torneo Apertura.<\/strong><\/p>\n<p>El Rojo recibir\u00e1 al Santo Sanjuanino <strong>este domingo a las 18 en el Libertadores de Am\u00e9rica &#8211; Ricardo Enrique Bochini<\/strong>, en busca de mantenerse puntero de la Zona B. Con respecto a la \u00faltima n\u00f3mina frente a Boston River por Copa Sudamericana, <strong>el entrenador convoc\u00f3 a 1 jugador menos, o sea, 24 futbolistas.<\/strong><\/p>\n<p>La \u00fanica alta es la del <strong>juvenil Joel Medina<\/strong>, quien todav\u00eda no debut\u00f3 profesionalmente, mientras que en cuanto a las bajas, <strong>Braian Mart\u00ednez y Gonzalo Bord\u00f3n<\/strong> quedaron fuera de la lista. Por su parte, <strong>Nicol\u00e1s Freire<\/strong>, que viene de sumar minutos en Reserva contra San Lorenzo, se mantiene.<\/p>\n<h3>Los concentrados:<\/h3>\n<p><strong>Arqueros:<\/strong>\u00a0Joaqu\u00edn Blazquez, Rodrigo Rey.<\/p>\n<p><strong>Defensores:<\/strong> Adri\u00e1n Sp\u00f6rle, Federico Vera, Nicol\u00e1s Freire, Kevin Lom\u00f3naco, Sebasti\u00e1n Vald\u00e9z, \u00c1lvaro Angulo.<\/p>\n<p><strong>Mediocampistas:<\/strong> Felipe Loyola, Pablo Galdames, Luciano Cabral, Federico Mancuello, Lautaro Mill\u00e1n, Rodrigo Fern\u00e1ndez Cedr\u00e9s, David Mart\u00ednez, Ivan Marcone, Joel Medina.<\/p>\n<p><strong>Delanteros:<\/strong> Santiago Montiel, Gabriel \u00c1valos, Santiago Hidalgo, Ignacio Maestro Puch, Lucas Rom\u00e1n, Diego Tarzia y Mat\u00edas Gim\u00e9nez.<\/p>\n<blockquote class=\"twitter-tweet\">\n<p dir=\"ltr\" lang=\"es\"> Estos son los concentrados para recibir a San Martin de San Juan en el LDA-REB.<a href=\"https:\/\/twitter.com\/hashtag\/TodoRojo?src=hash&amp;ref_src=twsrc%5Etfw\">#TodoRojo<\/a>  <a href=\"https:\/\/t.co\/lWJPbSqDbV\">pic.twitter.com\/lWJPbSqDbV<\/a><\/p>\n<p>\u2014 C. A. Independiente (@Independiente) <a href=\"https:\/\/twitter.com\/Independiente\/status\/1911191136397303908?ref_src=twsrc%5Etfw\">April 12, 2025<\/a><\/p><\/blockquote>\n<p><script async src=\"https:\/\/platform.twitter.com\/widgets.js\" charset=\"utf-8\"><\/script><\/p>\n","protected":false},"excerpt":{"rendered":"<p>Julio Vaccari dio la lista de concentrados para el partido de Independiente ante San Mart\u00edn de San Juan por la fecha 13 del Torneo Apertura. El Rojo recibir\u00e1 al Santo Sanjuanino este domingo a las 18 en el Libertadores de Am\u00e9rica &#8211; Ricardo Enrique Bochini, en busca de mantenerse puntero de la Zona B. Con [&hellip;]<\/p>\n","protected":false},"author":101038,"featured_media":124558,"comment_status":"open","ping_status":"closed","sticky":false,"template":"","format":"standard","meta":{"_links_to":"","_links_to_target":""},"categories":[3247,3],"tags":[153,3045,5430,5734],"_links":{"self":[{"href":"https:\/\/www.locoxelrojo.com\/independiente\/wp-json\/wp\/v2\/posts\/124557"}],"collection":[{"href":"https:\/\/www.locoxelrojo.com\/independiente\/wp-json\/wp\/v2\/posts"}],"about":[{"href":"https:\/\/www.locoxelrojo.com\/independiente\/wp-json\/wp\/v2\/types\/post"}],"author":[{"embeddable":true,"href":"https:\/\/www.locoxelrojo.com\/independiente\/wp-json\/wp\/v2\/users\/101038"}],"replies":[{"embeddable":true,"href":"https:\/\/www.locoxelrojo.com\/independiente\/wp-json\/wp\/v2\/comments?post=124557"}],"version-history":[{"count":1,"href":"https:\/\/www.locoxelrojo.com\/independiente\/wp-json\/wp\/v2\/posts\/124557\/revisions"}],"predecessor-version":[{"id":124559,"href":"https:\/\/www.locoxelrojo.com\/independiente\/wp-json\/wp\/v2\/posts\/124557\/revisions\/124559"}],"wp:featuredmedia":[{"embeddable":true,"href":"https:\/\/www.locoxelrojo.com\/independiente\/wp-json\/wp\/v2\/media\/124558"}],"wp:attachment":[{"href":"https:\/\/www.locoxelrojo.com\/independiente\/wp-json\/wp\/v2\/media?parent=124557"}],"wp:term":[{"taxonomy":"category","embeddable":true,"href":"https:\/\/www.locoxelrojo.com\/independiente\/wp-json\/wp\/v2\/categories?post=124557"},{"taxonomy":"post_tag","embeddable":true,"href":"https:\/\/www.locoxelrojo.com\/independiente\/wp-json\/wp\/v2\/tags?post=124557"}],"curies":[{"name":"wp","href":"https:\/\/api.w.org\/{rel}","templated":true}]}}