{"id":124733,"date":"2025-04-25T13:05:01","date_gmt":"2025-04-25T16:05:01","guid":{"rendered":"https:\/\/www.locoxelrojo.com\/independiente\/?p=124733"},"modified":"2025-04-25T13:05:01","modified_gmt":"2025-04-25T16:05:01","slug":"uno-si-el-otro","status":"publish","type":"post","link":"https:\/\/www.locoxelrojo.com\/independiente\/2025\/04\/25\/uno-si-el-otro\/","title":{"rendered":"Uno s\u00ed, \u00bfel otro?"},"content":{"rendered":"<p><strong>Julio Vaccari piensa variantes de cara al encuentro ante Riestra por la fecha 15 del Torneo Apertura y ya cuenta con un soldado m\u00e1s.<\/strong><\/p>\n<p>No deber\u00eda sorprender que, luego de la derrota de Independiente en la altura ante Nacional Potos\u00ed por Copa Sudamericana, el equipo empez\u00f3 a sentir el cansancio de la doble competencia. <strong>Y esto se ve reflejado especialmente en los jugadores que pr\u00e1cticamente disputaron todos los minutos posibles.<\/strong><\/p>\n<p>Uno de los sectores en los que Vaccari cuenta con lo justo es la defensa, y la noticia de que <strong>Franco Paredes ya est\u00e1 a la par de sus compa\u00f1eros<\/strong> le da aire y permite la rotaci\u00f3n. <a href=\"https:\/\/www.locoxelrojo.com\/independiente\/2025\/04\/07\/paredes-desgarrado\/\">El ex Sarmiento hab\u00eda sufrido un desgarro en el partido frente a Lan\u00fas.<\/a> La realidad es que <strong>Sebasti\u00e1n Vald\u00e9z<\/strong> y <strong>Kevin Lom\u00f3naco no est\u00e1n al 100% f\u00edsicamente<\/strong> y para enfrentar al conjunto del Bajo Flores <strong>podr\u00edan arrancar en el banco de suplentes.<\/strong><\/p>\n<p>Adem\u00e1s, <strong>Santiago Montiel podr\u00eda sumarse tambi\u00e9n a la consideraci\u00f3n<\/strong>, quien viene arrastrando una pubalgia que lo margin\u00f3 de los \u00faltimos cotejos. Las lesiones en este semestre <strong>le impidieron al extremo participar en 6 de los 17 compromisos del Rey de Copas (5 por torneo local y 1 por Copa)<\/strong>.<\/p>\n","protected":false},"excerpt":{"rendered":"<p>Julio Vaccari piensa variantes de cara al encuentro ante Riestra por la fecha 15 del Torneo Apertura y ya cuenta con un soldado m\u00e1s. No deber\u00eda sorprender que, luego de la derrota de Independiente en la altura ante Nacional Potos\u00ed por Copa Sudamericana, el equipo empez\u00f3 a sentir el cansancio de la doble competencia. Y [&hellip;]<\/p>\n","protected":false},"author":101038,"featured_media":124734,"comment_status":"open","ping_status":"closed","sticky":false,"template":"","format":"standard","meta":{"_links_to":"","_links_to_target":""},"categories":[3280,3247],"tags":[153,5572,5633,5812,5680,5734],"_links":{"self":[{"href":"https:\/\/www.locoxelrojo.com\/independiente\/wp-json\/wp\/v2\/posts\/124733"}],"collection":[{"href":"https:\/\/www.locoxelrojo.com\/independiente\/wp-json\/wp\/v2\/posts"}],"about":[{"href":"https:\/\/www.locoxelrojo.com\/independiente\/wp-json\/wp\/v2\/types\/post"}],"author":[{"embeddable":true,"href":"https:\/\/www.locoxelrojo.com\/independiente\/wp-json\/wp\/v2\/users\/101038"}],"replies":[{"embeddable":true,"href":"https:\/\/www.locoxelrojo.com\/independiente\/wp-json\/wp\/v2\/comments?post=124733"}],"version-history":[{"count":1,"href":"https:\/\/www.locoxelrojo.com\/independiente\/wp-json\/wp\/v2\/posts\/124733\/revisions"}],"predecessor-version":[{"id":124735,"href":"https:\/\/www.locoxelrojo.com\/independiente\/wp-json\/wp\/v2\/posts\/124733\/revisions\/124735"}],"wp:featuredmedia":[{"embeddable":true,"href":"https:\/\/www.locoxelrojo.com\/independiente\/wp-json\/wp\/v2\/media\/124734"}],"wp:attachment":[{"href":"https:\/\/www.locoxelrojo.com\/independiente\/wp-json\/wp\/v2\/media?parent=124733"}],"wp:term":[{"taxonomy":"category","embeddable":true,"href":"https:\/\/www.locoxelrojo.com\/independiente\/wp-json\/wp\/v2\/categories?post=124733"},{"taxonomy":"post_tag","embeddable":true,"href":"https:\/\/www.locoxelrojo.com\/independiente\/wp-json\/wp\/v2\/tags?post=124733"}],"curies":[{"name":"wp","href":"https:\/\/api.w.org\/{rel}","templated":true}]}}