{"id":124736,"date":"2025-04-26T23:00:10","date_gmt":"2025-04-27T02:00:10","guid":{"rendered":"https:\/\/www.locoxelrojo.com\/independiente\/?p=124736"},"modified":"2025-04-27T00:42:59","modified_gmt":"2025-04-27T03:42:59","slug":"concentrados-vs-deportivo-riestra-salen-3-y-entran-3","status":"publish","type":"post","link":"https:\/\/www.locoxelrojo.com\/independiente\/2025\/04\/26\/concentrados-vs-deportivo-riestra-salen-3-y-entran-3\/","title":{"rendered":"Concentrados vs. Deportivo Riestra: salen 3 y entran 3"},"content":{"rendered":"<p><strong>Julio Vaccari dio la lista de concentrados para el partido entre Independiente y Deportivo Riestra, por la fecha 15 del Torneo Apertura.<\/strong><\/p>\n<p>El Rojo visitar\u00e1 al Malevo <strong>este domingo a las 21:15 en el Libertadores De Am\u00e9rica- Ricardo Enrique Bochini<\/strong>, en busca del triunfo para permanecer escolta hasta el momento. <strong>El entrenador convoc\u00f3 a 24 futbolistas<\/strong>.<\/p>\n<p><strong>La lista presento tres altas<\/strong>, donde se destacan los regresos de <strong>Nicol\u00e1s Freire, Franco Paredes y Brian Mart\u00ednez<\/strong>.<\/p>\n<p>En cuanto a las bajas, <strong>las ausencias son de Gonzalo Bord\u00f3n, Joel Medina y Jonathan De Irastorza.<\/strong><\/p>\n<h3>Los concentrados:<\/h3>\n<p><strong>Arqueros<\/strong>: Joaqu\u00edn Blazquez y Rodrigo Rey.<\/p>\n<p><strong>Defensores<\/strong>: Kevin Lom\u00f3naco, Sebasti\u00e1n Valdez, Federico Vera, \u00c1lvaro Angulo, Adrian Sporle, Nicol\u00e1s Freire, Franco Paredes.<\/p>\n<p><strong>Mediocampistas<\/strong>: Felipe Loyola, Iv\u00e1n Marcone, Rodrigo Fern\u00e1ndez Cedres, Federico Mancuello, David Mart\u00ednez, Luciano Cabral, Pablo Galdames, Lautaro Mill\u00e1n.<\/p>\n<p><strong>Delanteros<\/strong>: Gabriel \u00c1valos, Mat\u00edas Gim\u00e9nez, Santiago Hidalgo, Diego Tarzia, Ignacio Maestro Puch, Lucas Rom\u00e1n, Braian Martinez.<\/p>\n<blockquote class=\"twitter-tweet\">\n<p dir=\"ltr\" lang=\"es\"> Estos son los concentrados para el partido de ma\u00f1ana ante Deportivo Riestra en el LDA-REB.<a href=\"https:\/\/twitter.com\/hashtag\/TodoRojo?src=hash&amp;ref_src=twsrc%5Etfw\">#TodoRojo<\/a>  <a href=\"https:\/\/t.co\/wpBPlM1s3V\">pic.twitter.com\/wpBPlM1s3V<\/a><\/p>\n<p>\u2014 C. A. Independiente (@Independiente) <a href=\"https:\/\/twitter.com\/Independiente\/status\/1916298628013994324?ref_src=twsrc%5Etfw\">April 27, 2025<\/a><\/p><\/blockquote>\n<p><script async src=\"https:\/\/platform.twitter.com\/widgets.js\" charset=\"utf-8\"><\/script><\/p>\n","protected":false},"excerpt":{"rendered":"<p>Julio Vaccari dio la lista de concentrados para el partido entre Independiente y Deportivo Riestra, por la fecha 15 del Torneo Apertura. El Rojo visitar\u00e1 al Malevo este domingo a las 21:15 en el Libertadores De Am\u00e9rica- Ricardo Enrique Bochini, en busca del triunfo para permanecer escolta hasta el momento. El entrenador convoc\u00f3 a 24 [&hellip;]<\/p>\n","protected":false},"author":101043,"featured_media":124737,"comment_status":"open","ping_status":"closed","sticky":false,"template":"","format":"standard","meta":{"_links_to":"","_links_to_target":""},"categories":[3247,3],"tags":[153,5702,5633,5734],"_links":{"self":[{"href":"https:\/\/www.locoxelrojo.com\/independiente\/wp-json\/wp\/v2\/posts\/124736"}],"collection":[{"href":"https:\/\/www.locoxelrojo.com\/independiente\/wp-json\/wp\/v2\/posts"}],"about":[{"href":"https:\/\/www.locoxelrojo.com\/independiente\/wp-json\/wp\/v2\/types\/post"}],"author":[{"embeddable":true,"href":"https:\/\/www.locoxelrojo.com\/independiente\/wp-json\/wp\/v2\/users\/101043"}],"replies":[{"embeddable":true,"href":"https:\/\/www.locoxelrojo.com\/independiente\/wp-json\/wp\/v2\/comments?post=124736"}],"version-history":[{"count":1,"href":"https:\/\/www.locoxelrojo.com\/independiente\/wp-json\/wp\/v2\/posts\/124736\/revisions"}],"predecessor-version":[{"id":124738,"href":"https:\/\/www.locoxelrojo.com\/independiente\/wp-json\/wp\/v2\/posts\/124736\/revisions\/124738"}],"wp:featuredmedia":[{"embeddable":true,"href":"https:\/\/www.locoxelrojo.com\/independiente\/wp-json\/wp\/v2\/media\/124737"}],"wp:attachment":[{"href":"https:\/\/www.locoxelrojo.com\/independiente\/wp-json\/wp\/v2\/media?parent=124736"}],"wp:term":[{"taxonomy":"category","embeddable":true,"href":"https:\/\/www.locoxelrojo.com\/independiente\/wp-json\/wp\/v2\/categories?post=124736"},{"taxonomy":"post_tag","embeddable":true,"href":"https:\/\/www.locoxelrojo.com\/independiente\/wp-json\/wp\/v2\/tags?post=124736"}],"curies":[{"name":"wp","href":"https:\/\/api.w.org\/{rel}","templated":true}]}}