{"id":124759,"date":"2025-04-27T23:30:08","date_gmt":"2025-04-28T02:30:08","guid":{"rendered":"https:\/\/www.locoxelrojo.com\/independiente\/?p=124759"},"modified":"2025-04-28T03:55:53","modified_gmt":"2025-04-28T06:55:53","slug":"vaccari-nos-falto-precision-en-los-metros-finales-tengo-que-corregirlo","status":"publish","type":"post","link":"https:\/\/www.locoxelrojo.com\/independiente\/2025\/04\/27\/vaccari-nos-falto-precision-en-los-metros-finales-tengo-que-corregirlo\/","title":{"rendered":"Vaccari: &#8220;Nos falt\u00f3 precisi\u00f3n en los metros finales, tengo que corregirlo&#8221;"},"content":{"rendered":"<p><strong>Julio Vaccari<\/strong> destac\u00f3 el rendimiento f\u00edsico que tuvo Independiente a pesar del empate 0-0 frente a Deportivo Riestra por el Torneo Apertura 2025. Sin embargo, reconoci\u00f3 que deben corregir la puntada final.<\/p>\n<p>En un partido muy pol\u00e9mico e inc\u00f3modo, el Rojo sufri\u00f3 las lesiones de Pablo Galdames y Gabriel \u00c1valos, sumando la expulsi\u00f3n de Luciano Cabral. A pesar de estas dificultades, el DT valor\u00f3 el sacrificio de sus dirigidos.<\/p>\n<p><strong>&#8220;No se nos dio el resultado que est\u00e1bamos esperando, pero yo trato de mostrarles a los jugadores lo bueno que est\u00e1n haciendo y que est\u00e9n tranquilos con su crecimiento. Tratamos de ser superiores a los rivales y vamos a buscarlo&#8221;<\/strong>, se\u00f1al\u00f3 Vaccari en conferencia de prensa. Y a\u00f1adi\u00f3: <strong>&#8220;Nos falt\u00f3 un poquito de precisi\u00f3n en los metros finales. El equipo intent\u00f3 hasta \u00faltimo minuto con uno menos y nos falt\u00f3 la puntada final&#8221;<\/strong>.<\/p>\n<p><strong>&#8220;Yo vi al equipo muy bien desde lo f\u00edsico, incluso con uno menos. Creo que est\u00e1n en un buen momento en ese aspecto. No creo que el desgaste sea un impedimento para nosotros, pero esta seguidilla de partidos es algo at\u00edpico, jugamos cuatro partidos en nueve d\u00edas y el equipo lo siente&#8221;<\/strong>, asegur\u00f3 el DT.<\/p>\n<p>Asimismo, el entrenador reconoci\u00f3 la falta de gol. <strong>&#8220;No s\u00e9 c\u00f3mo se dar\u00e1n los pr\u00f3ximos partidos, tenemos que preocuparnos por crecer nosotros y buscar mejorar de cara al gol, que en los \u00faltimos partidos nos pas\u00f3 de generar las ocasiones y no poder concretar&#8221;<\/strong>, remarc\u00f3 Vaccari, y agreg\u00f3: <strong>&#8220;No tenemos que preocuparnos por lo que hacen los dem\u00e1s&#8221;<\/strong>.<\/p>\n<p>A su vez, el t\u00e9cnico de Independiente habl\u00f3 del arbitraje del encuentro. <strong>&#8220;Hay algunas jugadas que ameritaban otra resoluci\u00f3n. Lucho (Cabral) se vio perjudicado, no puntualmente en la expulsi\u00f3n, sino en el desarrollo del juego, lo cortaron mucho con infracciones. Pero yo tengo que hacer el an\u00e1lisis de lo que a m\u00ed me toca y tengo que corregir eso de los metros finales con el equipo&#8221;<\/strong>, finaliz\u00f3.<\/p>\n","protected":false},"excerpt":{"rendered":"<p>Julio Vaccari destac\u00f3 el rendimiento f\u00edsico que tuvo Independiente a pesar del empate 0-0 frente a Deportivo Riestra por el Torneo Apertura 2025. Sin embargo, reconoci\u00f3 que deben corregir la puntada final. En un partido muy pol\u00e9mico e inc\u00f3modo, el Rojo sufri\u00f3 las lesiones de Pablo Galdames y Gabriel \u00c1valos, sumando la expulsi\u00f3n de Luciano [&hellip;]<\/p>\n","protected":false},"author":101043,"featured_media":124767,"comment_status":"open","ping_status":"closed","sticky":false,"template":"","format":"standard","meta":{"_links_to":"","_links_to_target":""},"categories":[3247,3],"tags":[153,3373,5633,5734],"_links":{"self":[{"href":"https:\/\/www.locoxelrojo.com\/independiente\/wp-json\/wp\/v2\/posts\/124759"}],"collection":[{"href":"https:\/\/www.locoxelrojo.com\/independiente\/wp-json\/wp\/v2\/posts"}],"about":[{"href":"https:\/\/www.locoxelrojo.com\/independiente\/wp-json\/wp\/v2\/types\/post"}],"author":[{"embeddable":true,"href":"https:\/\/www.locoxelrojo.com\/independiente\/wp-json\/wp\/v2\/users\/101043"}],"replies":[{"embeddable":true,"href":"https:\/\/www.locoxelrojo.com\/independiente\/wp-json\/wp\/v2\/comments?post=124759"}],"version-history":[{"count":4,"href":"https:\/\/www.locoxelrojo.com\/independiente\/wp-json\/wp\/v2\/posts\/124759\/revisions"}],"predecessor-version":[{"id":124766,"href":"https:\/\/www.locoxelrojo.com\/independiente\/wp-json\/wp\/v2\/posts\/124759\/revisions\/124766"}],"wp:featuredmedia":[{"embeddable":true,"href":"https:\/\/www.locoxelrojo.com\/independiente\/wp-json\/wp\/v2\/media\/124767"}],"wp:attachment":[{"href":"https:\/\/www.locoxelrojo.com\/independiente\/wp-json\/wp\/v2\/media?parent=124759"}],"wp:term":[{"taxonomy":"category","embeddable":true,"href":"https:\/\/www.locoxelrojo.com\/independiente\/wp-json\/wp\/v2\/categories?post=124759"},{"taxonomy":"post_tag","embeddable":true,"href":"https:\/\/www.locoxelrojo.com\/independiente\/wp-json\/wp\/v2\/tags?post=124759"}],"curies":[{"name":"wp","href":"https:\/\/api.w.org\/{rel}","templated":true}]}}