{"id":124775,"date":"2025-04-28T22:08:13","date_gmt":"2025-04-29T01:08:13","guid":{"rendered":"https:\/\/www.locoxelrojo.com\/independiente\/?p=124775"},"modified":"2025-04-28T22:08:13","modified_gmt":"2025-04-29T01:08:13","slug":"galdames-tambien-se-desgarro","status":"publish","type":"post","link":"https:\/\/www.locoxelrojo.com\/independiente\/2025\/04\/28\/galdames-tambien-se-desgarro\/","title":{"rendered":"Galdames tambi\u00e9n se desgarr\u00f3"},"content":{"rendered":"<p><strong>Pablo Galdames<\/strong> sali\u00f3 antes del final del primer tiempo en <a href=\"https:\/\/www.locoxelrojo.com\/independiente\/2025\/04\/28\/desgarro-confirmado-para-avalos\/\">el 0-0 entre Independiente y Deportivo Riestra<\/a>, por la fecha 15 del Torneo Apertura.<\/p>\n<p><strong>A los 43&#8242; el volante del Rojo cay\u00f3 al suelo y no pudo continuar<\/strong>. En su lugar ingres\u00f3 Federico Vera y Felipe Loyola pas\u00f3 a la mitad de la cancha.<\/p>\n<p>El panorama no pintaba para nada bien y este lunes los estudios lo confirmaron: <strong>un desgarro en el m\u00fasculo semi membranoso<\/strong>. Ahora tendr\u00e1 aproximadamente <strong>21 d\u00edas de recuperaci\u00f3n<\/strong> y se va a perder varios compromisos decisivos para Independiente.<\/p>\n<p>A su baja hay que sumarle otra importante: <strong><a href=\"https:\/\/www.locoxelrojo.com\/independiente\/2025\/04\/28\/desgarro-confirmado-para-avalos\/\">Gabriel \u00c1valos tambi\u00e9n sufri\u00f3 un desgarro.<\/a><\/strong><\/p>\n","protected":false},"excerpt":{"rendered":"<p>Pablo Galdames sali\u00f3 antes del final del primer tiempo en el 0-0 entre Independiente y Deportivo Riestra, por la fecha 15 del Torneo Apertura. A los 43&#8242; el volante del Rojo cay\u00f3 al suelo y no pudo continuar. En su lugar ingres\u00f3 Federico Vera y Felipe Loyola pas\u00f3 a la mitad de la cancha. El [&hellip;]<\/p>\n","protected":false},"author":1,"featured_media":124776,"comment_status":"open","ping_status":"closed","sticky":false,"template":"","format":"standard","meta":{"_links_to":"","_links_to_target":""},"categories":[3247,3],"tags":[153,5545,4918,5734],"_links":{"self":[{"href":"https:\/\/www.locoxelrojo.com\/independiente\/wp-json\/wp\/v2\/posts\/124775"}],"collection":[{"href":"https:\/\/www.locoxelrojo.com\/independiente\/wp-json\/wp\/v2\/posts"}],"about":[{"href":"https:\/\/www.locoxelrojo.com\/independiente\/wp-json\/wp\/v2\/types\/post"}],"author":[{"embeddable":true,"href":"https:\/\/www.locoxelrojo.com\/independiente\/wp-json\/wp\/v2\/users\/1"}],"replies":[{"embeddable":true,"href":"https:\/\/www.locoxelrojo.com\/independiente\/wp-json\/wp\/v2\/comments?post=124775"}],"version-history":[{"count":1,"href":"https:\/\/www.locoxelrojo.com\/independiente\/wp-json\/wp\/v2\/posts\/124775\/revisions"}],"predecessor-version":[{"id":124777,"href":"https:\/\/www.locoxelrojo.com\/independiente\/wp-json\/wp\/v2\/posts\/124775\/revisions\/124777"}],"wp:featuredmedia":[{"embeddable":true,"href":"https:\/\/www.locoxelrojo.com\/independiente\/wp-json\/wp\/v2\/media\/124776"}],"wp:attachment":[{"href":"https:\/\/www.locoxelrojo.com\/independiente\/wp-json\/wp\/v2\/media?parent=124775"}],"wp:term":[{"taxonomy":"category","embeddable":true,"href":"https:\/\/www.locoxelrojo.com\/independiente\/wp-json\/wp\/v2\/categories?post=124775"},{"taxonomy":"post_tag","embeddable":true,"href":"https:\/\/www.locoxelrojo.com\/independiente\/wp-json\/wp\/v2\/tags?post=124775"}],"curies":[{"name":"wp","href":"https:\/\/api.w.org\/{rel}","templated":true}]}}