{"id":124812,"date":"2025-04-30T23:20:10","date_gmt":"2025-05-01T02:20:10","guid":{"rendered":"https:\/\/www.locoxelrojo.com\/independiente\/?p=124812"},"modified":"2025-05-01T00:42:44","modified_gmt":"2025-05-01T03:42:44","slug":"valdez-ni-siquiera-hay-tiempo-para-lamentos","status":"publish","type":"post","link":"https:\/\/www.locoxelrojo.com\/independiente\/2025\/04\/30\/valdez-ni-siquiera-hay-tiempo-para-lamentos\/","title":{"rendered":"Vald\u00e9z: \u201cNi siquiera hay tiempo para lamentos\u201d"},"content":{"rendered":"<p><strong>Sebasti\u00e1n Vald\u00e9z habl\u00f3 luego de <a href=\"https:\/\/www.locoxelrojo.com\/independiente\/2025\/04\/30\/perdido-por-tucuman\/\">la derrota de Independiente por 2-0 ante Atl\u00e9tico Tucum\u00e1n<\/a>, por la fecha 14 del Torneo Apertura 2025.<\/strong><\/p>\n<p>El central del Rojo comenz\u00f3 con un an\u00e1lisis del encuentro: &#8220;<strong>Fue un partido dur\u00edsimo, como lo son todos en este campeonato. Por la seguidilla que venimos teniendo ni siquiera hay tiempo para lamentos, porque ya ma\u00f1ana tenemos que pensar en el s\u00e1bado y despu\u00e9s en el martes que viene&#8221;.<\/strong><\/p>\n<p><strong>&#8220;Era un poco lo que hab\u00edamos charlado, pero el cansancio tambi\u00e9n es para todos, no tiene que ser una excusa para nosotros. No hicimos un buen primer tiempo, por ah\u00ed en el segundo encontramos un poco m\u00e1s los caminos pero no estuvimos finos en los \u00faltimos metros&#8221;<\/strong>, respondi\u00f3 consultado acerca de haber rotado jugadores en este partido.<\/p>\n<p>Por \u00faltimo, hizo referencia a los pr\u00f3ximos encuentros, ante Rosario Central el s\u00e1bado y frente a Boston River el martes que viene: &#8220;<strong>Tenemos el calendario apretad\u00edsimo, pero cuando arranc\u00f3 el a\u00f1o nos propusimos pelear en todos los frentes y vamos por eso&#8221;.<\/strong><\/p>\n","protected":false},"excerpt":{"rendered":"<p>Sebasti\u00e1n Vald\u00e9z habl\u00f3 luego de la derrota de Independiente por 2-0 ante Atl\u00e9tico Tucum\u00e1n, por la fecha 14 del Torneo Apertura 2025. El central del Rojo comenz\u00f3 con un an\u00e1lisis del encuentro: &#8220;Fue un partido dur\u00edsimo, como lo son todos en este campeonato. Por la seguidilla que venimos teniendo ni siquiera hay tiempo para lamentos, [&hellip;]<\/p>\n","protected":false},"author":101037,"featured_media":124831,"comment_status":"open","ping_status":"closed","sticky":false,"template":"","format":"standard","meta":{"_links_to":"","_links_to_target":""},"categories":[3247,3],"tags":[297,153,5753,5734],"_links":{"self":[{"href":"https:\/\/www.locoxelrojo.com\/independiente\/wp-json\/wp\/v2\/posts\/124812"}],"collection":[{"href":"https:\/\/www.locoxelrojo.com\/independiente\/wp-json\/wp\/v2\/posts"}],"about":[{"href":"https:\/\/www.locoxelrojo.com\/independiente\/wp-json\/wp\/v2\/types\/post"}],"author":[{"embeddable":true,"href":"https:\/\/www.locoxelrojo.com\/independiente\/wp-json\/wp\/v2\/users\/101037"}],"replies":[{"embeddable":true,"href":"https:\/\/www.locoxelrojo.com\/independiente\/wp-json\/wp\/v2\/comments?post=124812"}],"version-history":[{"count":3,"href":"https:\/\/www.locoxelrojo.com\/independiente\/wp-json\/wp\/v2\/posts\/124812\/revisions"}],"predecessor-version":[{"id":124832,"href":"https:\/\/www.locoxelrojo.com\/independiente\/wp-json\/wp\/v2\/posts\/124812\/revisions\/124832"}],"wp:featuredmedia":[{"embeddable":true,"href":"https:\/\/www.locoxelrojo.com\/independiente\/wp-json\/wp\/v2\/media\/124831"}],"wp:attachment":[{"href":"https:\/\/www.locoxelrojo.com\/independiente\/wp-json\/wp\/v2\/media?parent=124812"}],"wp:term":[{"taxonomy":"category","embeddable":true,"href":"https:\/\/www.locoxelrojo.com\/independiente\/wp-json\/wp\/v2\/categories?post=124812"},{"taxonomy":"post_tag","embeddable":true,"href":"https:\/\/www.locoxelrojo.com\/independiente\/wp-json\/wp\/v2\/tags?post=124812"}],"curies":[{"name":"wp","href":"https:\/\/api.w.org\/{rel}","templated":true}]}}