{"id":124816,"date":"2025-04-30T23:25:21","date_gmt":"2025-05-01T02:25:21","guid":{"rendered":"https:\/\/www.locoxelrojo.com\/independiente\/?p=124816"},"modified":"2025-05-01T00:37:54","modified_gmt":"2025-05-01T03:37:54","slug":"vaccari-el-primer-tiempo-fue-lo-peor-desde-que-estoy-en-independiente","status":"publish","type":"post","link":"https:\/\/www.locoxelrojo.com\/independiente\/2025\/04\/30\/vaccari-el-primer-tiempo-fue-lo-peor-desde-que-estoy-en-independiente\/","title":{"rendered":"Vaccari: &#8220;El primer tiempo fue lo peor desde que estoy en Independiente&#8221;"},"content":{"rendered":"<p><strong>Julio Vaccari<\/strong> hizo autocr\u00edtica tras la derrota de Independiente por 2-0 ante Atl\u00e9tico Tucum\u00e1n y reconoci\u00f3 que el equipo perdi\u00f3 merecidamente.<\/p>\n<p><strong>&#8220;El primer tiempo no jugamos como nosotros debemos jugar, jugamos a otra cosa diferente. Eso ocasion\u00f3 que el rival tenga muchas m\u00e1s posibilidades que nosotros. En el segundo tiempo intentamos volver a los caminos que estamos acostumbrados y nos falt\u00f3 profundidad en la parte final&#8221;<\/strong>, analiz\u00f3 el DT en conferencia de prensa.<\/p>\n<p>Luego, fue tajante sobre el rendimiento de sus dirigidos: <strong>&#8220;Junto con Sarmiento el a\u00f1o pasado, el primer tiempo fue lo peor desde que estoy en Independiente&#8221;<\/strong>. En la misma l\u00ednea, agreg\u00f3:<strong> &#8220;Gan\u00f3 Atl\u00e9tico Tucum\u00e1n porque mereci\u00f3 ganar, no fue azar. Nosotros mejoramos en el segundo tiempo, pero nos falt\u00f3 profundidad y finalizaci\u00f3n&#8221;<\/strong>.<\/p>\n<p>El entrenador admiti\u00f3 que \u00e9l es el responsable del planteo presentado en Tucum\u00e1m. <strong>&#8220;Equivocamos el camino y claramente hicimos un juego que les conviene m\u00e1s ellos que a nosotros. Pusieron cuatro centrales y nosotros les tiramos 15 pelotas a nuestros centrodelanteros para que disputen. Cuando estas cosas suceden es culpa del entrenador&#8221;<\/strong>, expres\u00f3.<\/p>\n<p>Por otro lado, se refiri\u00f3 al poqu\u00edsimo gol que tienen los delanteros del Rojo. <strong>&#8220;La falta de contundencia es algo que me ocupa, que tenemos que seguir trabajando. Trabajamos todos los d\u00edas c\u00f3mo tomar mejores decisiones y c\u00f3mo finalizar mejor, pero no queda otra que seguir intent\u00e1ndolo&#8221;<\/strong>, se\u00f1al\u00f3.<\/p>\n","protected":false},"excerpt":{"rendered":"<p>Julio Vaccari hizo autocr\u00edtica tras la derrota de Independiente por 2-0 ante Atl\u00e9tico Tucum\u00e1n y reconoci\u00f3 que el equipo perdi\u00f3 merecidamente. &#8220;El primer tiempo no jugamos como nosotros debemos jugar, jugamos a otra cosa diferente. Eso ocasion\u00f3 que el rival tenga muchas m\u00e1s posibilidades que nosotros. En el segundo tiempo intentamos volver a los caminos [&hellip;]<\/p>\n","protected":false},"author":8,"featured_media":124829,"comment_status":"open","ping_status":"closed","sticky":false,"template":"","format":"standard","meta":{"_links_to":"","_links_to_target":""},"categories":[3247,3],"tags":[297,153,5633,5734],"_links":{"self":[{"href":"https:\/\/www.locoxelrojo.com\/independiente\/wp-json\/wp\/v2\/posts\/124816"}],"collection":[{"href":"https:\/\/www.locoxelrojo.com\/independiente\/wp-json\/wp\/v2\/posts"}],"about":[{"href":"https:\/\/www.locoxelrojo.com\/independiente\/wp-json\/wp\/v2\/types\/post"}],"author":[{"embeddable":true,"href":"https:\/\/www.locoxelrojo.com\/independiente\/wp-json\/wp\/v2\/users\/8"}],"replies":[{"embeddable":true,"href":"https:\/\/www.locoxelrojo.com\/independiente\/wp-json\/wp\/v2\/comments?post=124816"}],"version-history":[{"count":6,"href":"https:\/\/www.locoxelrojo.com\/independiente\/wp-json\/wp\/v2\/posts\/124816\/revisions"}],"predecessor-version":[{"id":124828,"href":"https:\/\/www.locoxelrojo.com\/independiente\/wp-json\/wp\/v2\/posts\/124816\/revisions\/124828"}],"wp:featuredmedia":[{"embeddable":true,"href":"https:\/\/www.locoxelrojo.com\/independiente\/wp-json\/wp\/v2\/media\/124829"}],"wp:attachment":[{"href":"https:\/\/www.locoxelrojo.com\/independiente\/wp-json\/wp\/v2\/media?parent=124816"}],"wp:term":[{"taxonomy":"category","embeddable":true,"href":"https:\/\/www.locoxelrojo.com\/independiente\/wp-json\/wp\/v2\/categories?post=124816"},{"taxonomy":"post_tag","embeddable":true,"href":"https:\/\/www.locoxelrojo.com\/independiente\/wp-json\/wp\/v2\/tags?post=124816"}],"curies":[{"name":"wp","href":"https:\/\/api.w.org\/{rel}","templated":true}]}}