{"id":124830,"date":"2025-04-30T23:00:38","date_gmt":"2025-05-01T02:00:38","guid":{"rendered":"https:\/\/www.locoxelrojo.com\/independiente\/?p=124830"},"modified":"2025-05-01T00:48:01","modified_gmt":"2025-05-01T03:48:01","slug":"vera-no-salio-lo-que-estaba-planeado","status":"publish","type":"post","link":"https:\/\/www.locoxelrojo.com\/independiente\/2025\/04\/30\/vera-no-salio-lo-que-estaba-planeado\/","title":{"rendered":"Vera: &#8220;No sali\u00f3 lo que estaba planeado&#8221;"},"content":{"rendered":"<p><strong>Federico Vera<\/strong> dej\u00f3 sus sensaciones de la derrota 2-0 de Independiente frente a Atl\u00e9tico Tucum\u00e1n en el Estadio Monumental Jos\u00e9 Fierro, por la fecha 14 del Torneo Apertura.<\/p>\n<p><strong>&#8220;No sali\u00f3 lo que estaba planeado, el primer tiempo no jugamos a lo que jugamos nosotros&#8221;<\/strong>, expres\u00f3 el defensor luego del partido. Y sigui\u00f3: <strong>&#8220;Jugamos mucho al pelotazo, se not\u00f3 en el primer tiempo. Y en el segundo tiempo lo salimos a buscar un poco m\u00e1s, nos agarraron de contra y ah\u00ed esta el resultado&#8221;<\/strong>.<\/p>\n<blockquote class=\"twitter-tweet\" data-media-max-width=\"560\">\n<p dir=\"ltr\" lang=\"es\">&#8220;NO SALI\u00d3 LO QUE ESTABA PLANEADO, EL PRIMER TIEMPO NO JUGAMOS LO QUE JUGAMOS NOSOTROS&#8221;<\/p>\n<p>El an\u00e1lisis de Federico Vera tras la derrota de Independiente ante Atl\u00e9tico Tucum\u00e1n<a href=\"https:\/\/twitter.com\/hashtag\/LPFxTNTSports?src=hash&amp;ref_src=twsrc%5Etfw\">#LPFxTNTSports<\/a> <a href=\"https:\/\/t.co\/GDK27hUfYX\">pic.twitter.com\/GDK27hUfYX<\/a><\/p>\n<p>\u2014 TNT Sports Argentina (@TNTSportsAR) <a href=\"https:\/\/twitter.com\/TNTSportsAR\/status\/1917760371101679789?ref_src=twsrc%5Etfw\">May 1, 2025<\/a><\/p><\/blockquote>\n<p><script async src=\"https:\/\/platform.twitter.com\/widgets.js\" charset=\"utf-8\"><\/script><\/p>\n<p>Adem\u00e1s, el ex Uni\u00f3n habl\u00f3 sobre la necesidad de la rotaci\u00f3n. <strong>&#8220;El plantel est\u00e1 para todo. La rotaci\u00f3n es clave porque estamos jugando tres torneos; Copa Argentina, Sudamericana y el Torneo Apertura; entonces hay que estar a full y los muchachos ya saben lo que es&#8221;<\/strong>, se\u00f1al\u00f3.<\/p>\n<p>Por \u00faltimo, el lateral derecho del Rojo palpit\u00f3 la \u00faltima fecha contra el Canalla y remarc\u00f3 la importancia del encuentro. <strong>&#8220;El s\u00e1bado se viene una final con Rosario Central que va a decidir todo ah\u00ed arriba, pero hay que estar tranquilos que falta mucho&#8221;<\/strong>, cerr\u00f3.<\/p>\n","protected":false},"excerpt":{"rendered":"<p>Federico Vera dej\u00f3 sus sensaciones de la derrota 2-0 de Independiente frente a Atl\u00e9tico Tucum\u00e1n en el Estadio Monumental Jos\u00e9 Fierro, por la fecha 14 del Torneo Apertura. &#8220;No sali\u00f3 lo que estaba planeado, el primer tiempo no jugamos a lo que jugamos nosotros&#8221;, expres\u00f3 el defensor luego del partido. Y sigui\u00f3: &#8220;Jugamos mucho al [&hellip;]<\/p>\n","protected":false},"author":101043,"featured_media":124833,"comment_status":"open","ping_status":"closed","sticky":false,"template":"","format":"standard","meta":{"_links_to":"","_links_to_target":""},"categories":[3247,3],"tags":[297,153,5567,5734],"_links":{"self":[{"href":"https:\/\/www.locoxelrojo.com\/independiente\/wp-json\/wp\/v2\/posts\/124830"}],"collection":[{"href":"https:\/\/www.locoxelrojo.com\/independiente\/wp-json\/wp\/v2\/posts"}],"about":[{"href":"https:\/\/www.locoxelrojo.com\/independiente\/wp-json\/wp\/v2\/types\/post"}],"author":[{"embeddable":true,"href":"https:\/\/www.locoxelrojo.com\/independiente\/wp-json\/wp\/v2\/users\/101043"}],"replies":[{"embeddable":true,"href":"https:\/\/www.locoxelrojo.com\/independiente\/wp-json\/wp\/v2\/comments?post=124830"}],"version-history":[{"count":2,"href":"https:\/\/www.locoxelrojo.com\/independiente\/wp-json\/wp\/v2\/posts\/124830\/revisions"}],"predecessor-version":[{"id":124835,"href":"https:\/\/www.locoxelrojo.com\/independiente\/wp-json\/wp\/v2\/posts\/124830\/revisions\/124835"}],"wp:featuredmedia":[{"embeddable":true,"href":"https:\/\/www.locoxelrojo.com\/independiente\/wp-json\/wp\/v2\/media\/124833"}],"wp:attachment":[{"href":"https:\/\/www.locoxelrojo.com\/independiente\/wp-json\/wp\/v2\/media?parent=124830"}],"wp:term":[{"taxonomy":"category","embeddable":true,"href":"https:\/\/www.locoxelrojo.com\/independiente\/wp-json\/wp\/v2\/categories?post=124830"},{"taxonomy":"post_tag","embeddable":true,"href":"https:\/\/www.locoxelrojo.com\/independiente\/wp-json\/wp\/v2\/tags?post=124830"}],"curies":[{"name":"wp","href":"https:\/\/api.w.org\/{rel}","templated":true}]}}