{"id":125107,"date":"2025-05-15T21:10:59","date_gmt":"2025-05-16T00:10:59","guid":{"rendered":"https:\/\/www.locoxelrojo.com\/independiente\/?p=125107"},"modified":"2025-05-16T01:08:17","modified_gmt":"2025-05-16T04:08:17","slug":"valdez-sabemos-que-tenemos-un-objetivo-en-comun","status":"publish","type":"post","link":"https:\/\/www.locoxelrojo.com\/independiente\/2025\/05\/15\/valdez-sabemos-que-tenemos-un-objetivo-en-comun\/","title":{"rendered":"Vald\u00e9z: &#8220;Sabemos que tenemos un objetivo en com\u00fan&#8221;"},"content":{"rendered":"<p><strong>Sebasti\u00e1n Vald\u00e9z<\/strong> habl\u00f3 luego del <a href=\"https:\/\/www.locoxelrojo.com\/independiente\/2025\/05\/15\/gano-y-es-puntero\/\">triunfo clave 1-0 ante Guaran\u00ed en la Copa Sudamericana<\/a> y dej\u00f3 en claro que Independiente no se conforma con dar pelea en un solo frente.<\/p>\n<p><strong>&#8220;Es lo que va generando este grupo, trabajamos todos juntos, tiramos para el mismo lado y sabemos que tenemos un objetivo en com\u00fan&#8221;<\/strong>, dijo con seguridad, dejando en claro que el equipo est\u00e1 unido, mentalizado y resaltando el compromiso colectivo.<\/p>\n<p>Vald\u00e9z es uno de los pilares en la zaga central y la solidez defensiva como uno de los puntos altos del equipo. <strong>&#8220;Es un poco lo que hemos construido en este tiempo que llevamos juntos, no solo con Kevin Lom\u00f3naco, sino con toda la defensa&#8221;<\/strong>, destac\u00f3.<\/p>\n<p>Para cerrar, el defensor valor\u00f3 el momento que vive el grupo y anticip\u00f3 el encuentro que se viene en La Bombonera: <strong>&#8220;El pr\u00f3ximo partido frente a Boca es una final anticipada&#8221;<\/strong>.<\/p>\n","protected":false},"excerpt":{"rendered":"<p>Sebasti\u00e1n Vald\u00e9z habl\u00f3 luego del triunfo clave 1-0 ante Guaran\u00ed en la Copa Sudamericana y dej\u00f3 en claro que Independiente no se conforma con dar pelea en un solo frente. &#8220;Es lo que va generando este grupo, trabajamos todos juntos, tiramos para el mismo lado y sabemos que tenemos un objetivo en com\u00fan&#8221;, dijo con [&hellip;]<\/p>\n","protected":false},"author":101042,"featured_media":125114,"comment_status":"open","ping_status":"closed","sticky":false,"template":"","format":"standard","meta":{"_links_to":"","_links_to_target":""},"categories":[7,3247],"tags":[153,5711,4639,5753],"_links":{"self":[{"href":"https:\/\/www.locoxelrojo.com\/independiente\/wp-json\/wp\/v2\/posts\/125107"}],"collection":[{"href":"https:\/\/www.locoxelrojo.com\/independiente\/wp-json\/wp\/v2\/posts"}],"about":[{"href":"https:\/\/www.locoxelrojo.com\/independiente\/wp-json\/wp\/v2\/types\/post"}],"author":[{"embeddable":true,"href":"https:\/\/www.locoxelrojo.com\/independiente\/wp-json\/wp\/v2\/users\/101042"}],"replies":[{"embeddable":true,"href":"https:\/\/www.locoxelrojo.com\/independiente\/wp-json\/wp\/v2\/comments?post=125107"}],"version-history":[{"count":1,"href":"https:\/\/www.locoxelrojo.com\/independiente\/wp-json\/wp\/v2\/posts\/125107\/revisions"}],"predecessor-version":[{"id":125116,"href":"https:\/\/www.locoxelrojo.com\/independiente\/wp-json\/wp\/v2\/posts\/125107\/revisions\/125116"}],"wp:featuredmedia":[{"embeddable":true,"href":"https:\/\/www.locoxelrojo.com\/independiente\/wp-json\/wp\/v2\/media\/125114"}],"wp:attachment":[{"href":"https:\/\/www.locoxelrojo.com\/independiente\/wp-json\/wp\/v2\/media?parent=125107"}],"wp:term":[{"taxonomy":"category","embeddable":true,"href":"https:\/\/www.locoxelrojo.com\/independiente\/wp-json\/wp\/v2\/categories?post=125107"},{"taxonomy":"post_tag","embeddable":true,"href":"https:\/\/www.locoxelrojo.com\/independiente\/wp-json\/wp\/v2\/tags?post=125107"}],"curies":[{"name":"wp","href":"https:\/\/api.w.org\/{rel}","templated":true}]}}