{"id":125254,"date":"2025-05-24T21:00:12","date_gmt":"2025-05-25T00:00:12","guid":{"rendered":"https:\/\/www.locoxelrojo.com\/independiente\/?p=125254"},"modified":"2025-05-24T22:53:28","modified_gmt":"2025-05-25T01:53:28","slug":"vaccari-tengo-una-tristeza-barbara-pero-siento-orgullo-por-los-futbolistas","status":"publish","type":"post","link":"https:\/\/www.locoxelrojo.com\/independiente\/2025\/05\/24\/vaccari-tengo-una-tristeza-barbara-pero-siento-orgullo-por-los-futbolistas\/","title":{"rendered":"Vaccari: &#8220;Una tristeza b\u00e1rbara, pero orgulloso de los futbolistas&#8221;"},"content":{"rendered":"<p><strong>Julio Vaccari<\/strong> habl\u00f3 luego de <strong>la eliminaci\u00f3n por penales de Independiente 6-5<\/strong> frente a Hurac\u00e1n, en la Semifinal del Torneo Apertura 2025.<\/p>\n<p><strong>&#8220;Los jugadores est\u00e1n golpeados, pero tienen que estar con la cabeza en alto&#8221;<\/strong>, expres\u00f3 el t\u00e9cnico de 44 a\u00f1os. <strong>&#8220;Lo que han hecho es impresionante, han levantado una instituci\u00f3n. Siento un orgullo muy grande&#8221;<\/strong>, agreg\u00f3.<\/p>\n<p>No obstante, aunque se lo vio afectado emocionalmente, enfoc\u00f3 la mirada en el pr\u00f3ximo partido por Copa Sudamericana: <strong>&#8220;Llegar\u00e9 a mi casa, me pondr\u00e9 a llorar un rato, abrazar\u00e9 a la gente que quiero y ma\u00f1ana hay que poner el cuerpo y planificar lo que viene, esto es as\u00ed&#8221;<\/strong>.<\/p>\n<p>Por \u00faltimo, Vaccari demostr\u00f3 el gran afecto que le tiene a la instituci\u00f3n, en la que ejerce como t\u00e9cnico: <strong>&#8220;Yo no me ir\u00eda nunca de Independiente, ac\u00e1 estoy muy c\u00f3modo y feliz. Tengo una tristeza b\u00e1rbara, pero mucho orgullo por estos futbolistas&#8221;<\/strong>.<\/p>\n","protected":false},"excerpt":{"rendered":"<p>Julio Vaccari habl\u00f3 luego de la eliminaci\u00f3n por penales de Independiente 6-5 frente a Hurac\u00e1n, en la Semifinal del Torneo Apertura 2025. &#8220;Los jugadores est\u00e1n golpeados, pero tienen que estar con la cabeza en alto&#8221;, expres\u00f3 el t\u00e9cnico de 44 a\u00f1os. &#8220;Lo que han hecho es impresionante, han levantado una instituci\u00f3n. Siento un orgullo muy [&hellip;]<\/p>\n","protected":false},"author":101043,"featured_media":125258,"comment_status":"open","ping_status":"closed","sticky":false,"template":"","format":"standard","meta":{"_links_to":"","_links_to_target":""},"categories":[3247,3],"tags":[153,310,5633,5734],"_links":{"self":[{"href":"https:\/\/www.locoxelrojo.com\/independiente\/wp-json\/wp\/v2\/posts\/125254"}],"collection":[{"href":"https:\/\/www.locoxelrojo.com\/independiente\/wp-json\/wp\/v2\/posts"}],"about":[{"href":"https:\/\/www.locoxelrojo.com\/independiente\/wp-json\/wp\/v2\/types\/post"}],"author":[{"embeddable":true,"href":"https:\/\/www.locoxelrojo.com\/independiente\/wp-json\/wp\/v2\/users\/101043"}],"replies":[{"embeddable":true,"href":"https:\/\/www.locoxelrojo.com\/independiente\/wp-json\/wp\/v2\/comments?post=125254"}],"version-history":[{"count":3,"href":"https:\/\/www.locoxelrojo.com\/independiente\/wp-json\/wp\/v2\/posts\/125254\/revisions"}],"predecessor-version":[{"id":125261,"href":"https:\/\/www.locoxelrojo.com\/independiente\/wp-json\/wp\/v2\/posts\/125254\/revisions\/125261"}],"wp:featuredmedia":[{"embeddable":true,"href":"https:\/\/www.locoxelrojo.com\/independiente\/wp-json\/wp\/v2\/media\/125258"}],"wp:attachment":[{"href":"https:\/\/www.locoxelrojo.com\/independiente\/wp-json\/wp\/v2\/media?parent=125254"}],"wp:term":[{"taxonomy":"category","embeddable":true,"href":"https:\/\/www.locoxelrojo.com\/independiente\/wp-json\/wp\/v2\/categories?post=125254"},{"taxonomy":"post_tag","embeddable":true,"href":"https:\/\/www.locoxelrojo.com\/independiente\/wp-json\/wp\/v2\/tags?post=125254"}],"curies":[{"name":"wp","href":"https:\/\/api.w.org\/{rel}","templated":true}]}}