{"id":125266,"date":"2025-05-24T20:50:01","date_gmt":"2025-05-24T23:50:01","guid":{"rendered":"https:\/\/www.locoxelrojo.com\/independiente\/?p=125266"},"modified":"2025-05-24T23:22:18","modified_gmt":"2025-05-25T02:22:18","slug":"valdez-el-hincha-se-siente-identificado-con-este-grupo","status":"publish","type":"post","link":"https:\/\/www.locoxelrojo.com\/independiente\/2025\/05\/24\/valdez-el-hincha-se-siente-identificado-con-este-grupo\/","title":{"rendered":"Vald\u00e9z: &#8220;El hincha se siente identificado con este grupo&#8221;"},"content":{"rendered":"<p><strong>Sebasti\u00e1n Vald\u00e9z<\/strong> se mostr\u00f3 muy triste por la eliminaci\u00f3n de Independiente en la semifinal del Torneo Apertura, pero destac\u00f3 el crecimiento del equipo.<\/p>\n<p><strong>&#8220;Venimos creciendo hace much\u00edsimo tiempo. El hincha se siente identificado con este grupo y eso est\u00e1 bueno, porque nos lo hacen sentir partido a partido&#8221;<\/strong>, expres\u00f3 el defensor tras la ca\u00edda por penales ante Hurac\u00e1n en Avellaneda.<\/p>\n<p>Luego, se lament\u00f3 por la inesperada derrota de local. <strong>&#8220;Mucha tristeza, porque est\u00e1bamos con mucha ilusi\u00f3n y con mucha fe de que en casa \u00edbamos a tener un buen resultado y pasar. Tambi\u00e9n sabemos que en frente ten\u00edamos un rival muy duro que nos vino a proponer una guerra. Despu\u00e9s, en los penales sabemos que es un poco de suerte tambi\u00e9n&#8221;<\/strong>, solt\u00f3.<\/p>\n<blockquote class=\"twitter-tweet\" data-media-max-width=\"560\">\n<p dir=\"ltr\" lang=\"es\">&#8220;EL HINCHA SE SIENTE IDENTIFICADO CON ESTE GRUPO&#8221;<\/p>\n<p>La palabra de Sebasti\u00e1n Valdez tras la derrota de Independiente en semifinales ante Hurac\u00e1n<a href=\"https:\/\/twitter.com\/hashtag\/LPFxTNTSports?src=hash&amp;ref_src=twsrc%5Etfw\">#LPFxTNTSports<\/a> <a href=\"https:\/\/t.co\/LdkmkWPocX\">pic.twitter.com\/LdkmkWPocX<\/a><\/p>\n<p>\u2014 TNT Sports Argentina (@TNTSportsAR) <a href=\"https:\/\/twitter.com\/TNTSportsAR\/status\/1926424937809535187?ref_src=twsrc%5Etfw\">May 24, 2025<\/a><\/p><\/blockquote>\n<p><script async src=\"https:\/\/platform.twitter.com\/widgets.js\" charset=\"utf-8\"><\/script><\/p>\n<p>El ex Los Andes tambi\u00e9n destac\u00f3 las complicaciones de enfrentar al Globo, que propuso un partido dur\u00edsimo. <strong>&#8220;Enfrentamos a un rival muy duro que ha hecho much\u00edsimo m\u00e9rito para estar en esta instancia. Sab\u00edamos muy bien por d\u00f3nde nos pod\u00edan lastimar y nosotros tambi\u00e9n d\u00f3nde pod\u00edamos hacerlo con ellos, pero bueno, tristeza muy grande porque est\u00e1bamos con mucha ilusi\u00f3n de que \u00edbamos a pasar&#8221;<\/strong>, se\u00f1al\u00f3.<\/p>\n<p>Por otro lado, se enfoc\u00f3 en el encuentro por Copa Sudamericana ante Nacional Potos\u00ed, que ser\u00e1 determinante para definir la clasificaci\u00f3n a octavos de final. <strong>&#8220;Tenemos que pensar en el mi\u00e9rcoles que tenemos un partido important\u00edsimo y agradecerle a toda la gente por el apoyo que brind\u00f3 desde el d\u00eda cero&#8221;<\/strong>, cerr\u00f3.<\/p>\n","protected":false},"excerpt":{"rendered":"<p>Sebasti\u00e1n Vald\u00e9z se mostr\u00f3 muy triste por la eliminaci\u00f3n de Independiente en la semifinal del Torneo Apertura, pero destac\u00f3 el crecimiento del equipo. &#8220;Venimos creciendo hace much\u00edsimo tiempo. El hincha se siente identificado con este grupo y eso est\u00e1 bueno, porque nos lo hacen sentir partido a partido&#8221;, expres\u00f3 el defensor tras la ca\u00edda por [&hellip;]<\/p>\n","protected":false},"author":8,"featured_media":125267,"comment_status":"open","ping_status":"closed","sticky":false,"template":"","format":"standard","meta":{"_links_to":"","_links_to_target":""},"categories":[3247,3],"tags":[153,310,5753,5734],"_links":{"self":[{"href":"https:\/\/www.locoxelrojo.com\/independiente\/wp-json\/wp\/v2\/posts\/125266"}],"collection":[{"href":"https:\/\/www.locoxelrojo.com\/independiente\/wp-json\/wp\/v2\/posts"}],"about":[{"href":"https:\/\/www.locoxelrojo.com\/independiente\/wp-json\/wp\/v2\/types\/post"}],"author":[{"embeddable":true,"href":"https:\/\/www.locoxelrojo.com\/independiente\/wp-json\/wp\/v2\/users\/8"}],"replies":[{"embeddable":true,"href":"https:\/\/www.locoxelrojo.com\/independiente\/wp-json\/wp\/v2\/comments?post=125266"}],"version-history":[{"count":1,"href":"https:\/\/www.locoxelrojo.com\/independiente\/wp-json\/wp\/v2\/posts\/125266\/revisions"}],"predecessor-version":[{"id":125268,"href":"https:\/\/www.locoxelrojo.com\/independiente\/wp-json\/wp\/v2\/posts\/125266\/revisions\/125268"}],"wp:featuredmedia":[{"embeddable":true,"href":"https:\/\/www.locoxelrojo.com\/independiente\/wp-json\/wp\/v2\/media\/125267"}],"wp:attachment":[{"href":"https:\/\/www.locoxelrojo.com\/independiente\/wp-json\/wp\/v2\/media?parent=125266"}],"wp:term":[{"taxonomy":"category","embeddable":true,"href":"https:\/\/www.locoxelrojo.com\/independiente\/wp-json\/wp\/v2\/categories?post=125266"},{"taxonomy":"post_tag","embeddable":true,"href":"https:\/\/www.locoxelrojo.com\/independiente\/wp-json\/wp\/v2\/tags?post=125266"}],"curies":[{"name":"wp","href":"https:\/\/api.w.org\/{rel}","templated":true}]}}