{"id":125289,"date":"2025-05-27T21:24:37","date_gmt":"2025-05-28T00:24:37","guid":{"rendered":"https:\/\/www.locoxelrojo.com\/independiente\/?p=125289"},"modified":"2025-05-27T21:24:37","modified_gmt":"2025-05-28T00:24:37","slug":"concentrados-vs-nacional-potosi-los-que-buscan-la-clasificacion-en-la-copa-sudamericana","status":"publish","type":"post","link":"https:\/\/www.locoxelrojo.com\/independiente\/2025\/05\/27\/concentrados-vs-nacional-potosi-los-que-buscan-la-clasificacion-en-la-copa-sudamericana\/","title":{"rendered":"Concentrados vs. Nacional Potos\u00ed: los que buscan la clasificaci\u00f3n en la Copa Sudamericana"},"content":{"rendered":"<p><strong>Independiente recibe a Nacional Potos\u00ed<\/strong> este mi\u00e9rcoles a las 19 en la \u00faltima jornada de la fase de grupos de la Copa Sudamericana. <strong>Julio Vaccari cit\u00f3 24 futbolistas.<\/strong><\/p>\n<p>De cara a un partido clave para el Rojo, donde buscar\u00e1 la clasificaci\u00f3n a la pr\u00f3xima fase de la Copa Sudamericana, <strong>hay modificaciones en la lista de convocados.<\/strong><\/p>\n<p><strong>\u00c1lvaro Angulo se lo pierde por acumulaci\u00f3n de tarjetas amarillas. Adri\u00e1n Sp\u00f6rle y Federico Mancuello estar\u00e1n ausentes por lesi\u00f3n.<\/strong> El lateral producto de un esguince de rodilla, mientras que Mancu atraviesa una fascitis plantar. En cuanto a los regresos, <strong>Franco paredes vuelve tras su desgarro<\/strong>.<\/p>\n<h2>Los concentrados:<\/h2>\n<p><strong>Arqueros:<\/strong> Joaqu\u00edn Blazquez y Rodrigo Rey.<\/p>\n<p><strong>Defensores:<\/strong> Federico Vera, Nicol\u00e1s Freire, Kevin Lom\u00f3naco, Franco Paredes, Santiago Salle, Sebasti\u00e1n Vald\u00e9z, Jonathan De Irastorza.<\/p>\n<p><strong>Volantes:<\/strong> Felipe Loyola, Pablo Galdames, Luciano Cabral, Lautaro Mill\u00e1n, Rodrigo Fern\u00e1ndez Cedr\u00e9s, David Mart\u00ednez e Iv\u00e1n Marcone.<\/p>\n<p><strong>Delanteros:<\/strong> Santiago Montiel, Gabriel \u00c1valos, Santiago Hidalgo, Ignacio Maestro Puch, Lucas Rom\u00e1n, Braian Mart\u00ednez, Diego Tarzia y Mat\u00edas Gim\u00e9nez.<\/p>\n<blockquote class=\"twitter-tweet\">\n<p dir=\"ltr\" lang=\"es\"> Estos son los convocados para la \u00faltima fecha de la fase de grupos de la CONMEBOL Sudamericana ante Nacional Potos\u00ed.<a href=\"https:\/\/twitter.com\/hashtag\/TodoRojo?src=hash&amp;ref_src=twsrc%5Etfw\">#TodoRojo<\/a>  <a href=\"https:\/\/t.co\/lXWpBhVzSh\">pic.twitter.com\/lXWpBhVzSh<\/a><\/p>\n<p>\u2014 C. A. Independiente (@Independiente) <a href=\"https:\/\/twitter.com\/Independiente\/status\/1927488911749623953?ref_src=twsrc%5Etfw\">May 27, 2025<\/a><\/p><\/blockquote>\n<p><script async src=\"https:\/\/platform.twitter.com\/widgets.js\" charset=\"utf-8\"><\/script><\/p>\n","protected":false},"excerpt":{"rendered":"<p>Independiente recibe a Nacional Potos\u00ed este mi\u00e9rcoles a las 19 en la \u00faltima jornada de la fase de grupos de la Copa Sudamericana. Julio Vaccari cit\u00f3 24 futbolistas. De cara a un partido clave para el Rojo, donde buscar\u00e1 la clasificaci\u00f3n a la pr\u00f3xima fase de la Copa Sudamericana, hay modificaciones en la lista de [&hellip;]<\/p>\n","protected":false},"author":1,"featured_media":125290,"comment_status":"open","ping_status":"closed","sticky":false,"template":"","format":"standard","meta":{"_links_to":"","_links_to_target":""},"categories":[3247,3],"tags":[5552,5758,153,5794,5711,48,5572,5633,5789],"_links":{"self":[{"href":"https:\/\/www.locoxelrojo.com\/independiente\/wp-json\/wp\/v2\/posts\/125289"}],"collection":[{"href":"https:\/\/www.locoxelrojo.com\/independiente\/wp-json\/wp\/v2\/posts"}],"about":[{"href":"https:\/\/www.locoxelrojo.com\/independiente\/wp-json\/wp\/v2\/types\/post"}],"author":[{"embeddable":true,"href":"https:\/\/www.locoxelrojo.com\/independiente\/wp-json\/wp\/v2\/users\/1"}],"replies":[{"embeddable":true,"href":"https:\/\/www.locoxelrojo.com\/independiente\/wp-json\/wp\/v2\/comments?post=125289"}],"version-history":[{"count":1,"href":"https:\/\/www.locoxelrojo.com\/independiente\/wp-json\/wp\/v2\/posts\/125289\/revisions"}],"predecessor-version":[{"id":125291,"href":"https:\/\/www.locoxelrojo.com\/independiente\/wp-json\/wp\/v2\/posts\/125289\/revisions\/125291"}],"wp:featuredmedia":[{"embeddable":true,"href":"https:\/\/www.locoxelrojo.com\/independiente\/wp-json\/wp\/v2\/media\/125290"}],"wp:attachment":[{"href":"https:\/\/www.locoxelrojo.com\/independiente\/wp-json\/wp\/v2\/media?parent=125289"}],"wp:term":[{"taxonomy":"category","embeddable":true,"href":"https:\/\/www.locoxelrojo.com\/independiente\/wp-json\/wp\/v2\/categories?post=125289"},{"taxonomy":"post_tag","embeddable":true,"href":"https:\/\/www.locoxelrojo.com\/independiente\/wp-json\/wp\/v2\/tags?post=125289"}],"curies":[{"name":"wp","href":"https:\/\/api.w.org\/{rel}","templated":true}]}}