{"id":125377,"date":"2025-06-01T16:42:37","date_gmt":"2025-06-01T19:42:37","guid":{"rendered":"https:\/\/www.locoxelrojo.com\/independiente\/?p=125377"},"modified":"2025-06-02T16:56:01","modified_gmt":"2025-06-02T19:56:01","slug":"avalos-convocado-a-la-seleccion-de-paraguay","status":"publish","type":"post","link":"https:\/\/www.locoxelrojo.com\/independiente\/2025\/06\/01\/avalos-convocado-a-la-seleccion-de-paraguay\/","title":{"rendered":"\u00c1valos, convocado a la Selecci\u00f3n de Paraguay"},"content":{"rendered":"<p><strong>Gabriel \u00c1valos<\/strong> fue convocado a la Selecci\u00f3n de Paraguay para la doble fecha de Eliminatorias Sudamericanas de junio.<\/p>\n<p>\u00c1valos pega la vuelta a Albirroja. Gustavo Alfaro lo volvi\u00f3 a tener en cuenta al delantero de Independiente. <strong>El jueves 5 de junio a las 20, el conjunto paraguayo recibir\u00e1 a Uruguay, mientras que el martes 10 a las 21:45, visitar\u00e1 a Brasil.<\/strong><\/p>\n<p>Su regreso a la Albirroja se da cuando el delantero est\u00e1 sumando minutos nuevamente despu\u00e9s de su lesi\u00f3n muscular, que lo dej\u00f3 afuera de las canchas en 6 encuentros. <strong>Logr\u00f3 ser el m\u00e1ximo goleador del Rojo en el semestre, con 8 tantos en todas las competiciones.<\/strong><\/p>\n<blockquote class=\"twitter-tweet\">\n<p dir=\"ltr\" lang=\"es\">Citados para defender a la <a href=\"https:\/\/twitter.com\/hashtag\/Albirroja?src=hash&amp;ref_src=twsrc%5Etfw\">#Albirroja<\/a> \u26aa\ufe0f<\/p>\n<p>Estos son los futbolistas convocados por el DT Gustavo Alfaro para los pr\u00f3ximos desaf\u00edos ante <a href=\"https:\/\/twitter.com\/AUFOficial?ref_src=twsrc%5Etfw\">@aufoficial<\/a>  y <a href=\"https:\/\/twitter.com\/CBF_Futebol?ref_src=twsrc%5Etfw\">@cbf_futebol<\/a> .<\/p>\n<p>\u26bd Fechas 15 y 16 \u2013 Clasificatorias <a href=\"https:\/\/twitter.com\/FIFAWorldCup?ref_src=twsrc%5Etfw\">@fifaworldcup<\/a> 2026<\/p>\n<p>\u270d <a href=\"https:\/\/t.co\/BZHugZHxDz\">https:\/\/t.co\/BZHugZHxDz<\/a><\/p>\n<p>Todo un pa\u00eds, por un\u2026 <a href=\"https:\/\/t.co\/f8ic9SqX3c\">pic.twitter.com\/f8ic9SqX3c<\/a><\/p>\n<p>\u2014 Selecci\u00f3n Paraguaya (@Albirroja) <a href=\"https:\/\/twitter.com\/Albirroja\/status\/1929211314208907700?ref_src=twsrc%5Etfw\">June 1, 2025<\/a><\/p><\/blockquote>\n<p><script async src=\"https:\/\/platform.twitter.com\/widgets.js\" charset=\"utf-8\"><\/script><\/p>\n","protected":false},"excerpt":{"rendered":"<p>Gabriel \u00c1valos fue convocado a la Selecci\u00f3n de Paraguay para la doble fecha de Eliminatorias Sudamericanas de junio. \u00c1valos pega la vuelta a Albirroja. Gustavo Alfaro lo volvi\u00f3 a tener en cuenta al delantero de Independiente. El jueves 5 de junio a las 20, el conjunto paraguayo recibir\u00e1 a Uruguay, mientras que el martes 10 [&hellip;]<\/p>\n","protected":false},"author":101043,"featured_media":125378,"comment_status":"open","ping_status":"closed","sticky":false,"template":"","format":"standard","meta":{"_links_to":"","_links_to_target":""},"categories":[3280,3247],"tags":[5545,2019,4143],"_links":{"self":[{"href":"https:\/\/www.locoxelrojo.com\/independiente\/wp-json\/wp\/v2\/posts\/125377"}],"collection":[{"href":"https:\/\/www.locoxelrojo.com\/independiente\/wp-json\/wp\/v2\/posts"}],"about":[{"href":"https:\/\/www.locoxelrojo.com\/independiente\/wp-json\/wp\/v2\/types\/post"}],"author":[{"embeddable":true,"href":"https:\/\/www.locoxelrojo.com\/independiente\/wp-json\/wp\/v2\/users\/101043"}],"replies":[{"embeddable":true,"href":"https:\/\/www.locoxelrojo.com\/independiente\/wp-json\/wp\/v2\/comments?post=125377"}],"version-history":[{"count":1,"href":"https:\/\/www.locoxelrojo.com\/independiente\/wp-json\/wp\/v2\/posts\/125377\/revisions"}],"predecessor-version":[{"id":125379,"href":"https:\/\/www.locoxelrojo.com\/independiente\/wp-json\/wp\/v2\/posts\/125377\/revisions\/125379"}],"wp:featuredmedia":[{"embeddable":true,"href":"https:\/\/www.locoxelrojo.com\/independiente\/wp-json\/wp\/v2\/media\/125378"}],"wp:attachment":[{"href":"https:\/\/www.locoxelrojo.com\/independiente\/wp-json\/wp\/v2\/media?parent=125377"}],"wp:term":[{"taxonomy":"category","embeddable":true,"href":"https:\/\/www.locoxelrojo.com\/independiente\/wp-json\/wp\/v2\/categories?post=125377"},{"taxonomy":"post_tag","embeddable":true,"href":"https:\/\/www.locoxelrojo.com\/independiente\/wp-json\/wp\/v2\/tags?post=125377"}],"curies":[{"name":"wp","href":"https:\/\/api.w.org\/{rel}","templated":true}]}}