{"id":125383,"date":"2025-06-03T23:00:57","date_gmt":"2025-06-04T02:00:57","guid":{"rendered":"https:\/\/www.locoxelrojo.com\/independiente\/?p=125383"},"modified":"2025-06-04T00:30:06","modified_gmt":"2025-06-04T03:30:06","slug":"seoane-el-mejor-refuerzo-que-podemos-tener-en-la-continuidad-de-vaccari","status":"publish","type":"post","link":"https:\/\/www.locoxelrojo.com\/independiente\/2025\/06\/03\/seoane-el-mejor-refuerzo-que-podemos-tener-en-la-continuidad-de-vaccari\/","title":{"rendered":"Seoane: &#8220;El mejor refuerzo que podemos tener en la continuidad de Vaccari&#8221;"},"content":{"rendered":"<p><strong>Daniel Seoane<\/strong>, secretario general de Independiente, hizo p\u00fablico un deseo de la Comisi\u00f3n Directiva.<\/p>\n<p>El contrato de Julio Vaccari finaliza en diciembre 2025. Si bien a\u00fan queda un semestre por delante, <strong>los dirigentes pretenden reconocer el trabajo hecho por el DT hasta el momento y extender el v\u00ednculo<\/strong>. El propio Vaccari en conferencia de prensa ha dicho que se quedar\u00eda a vivir en el club.<\/p>\n<p><strong>&#8220;Cuando nos sentamos a hablar con el t\u00e9cnico le dijimos que el mejor refuerzo que pod\u00edamos tener era su continuidad&#8221;<\/strong>, cont\u00f3 en Infierno Rojo. <strong>&#8220;Nosotros no le podemos hacer un contrato de por vida, pero si un contrato hasta el fin de nuestra gesti\u00f3n, entonces le ofrecimos un contrato hasta el fin del a\u00f1o que viene. Despu\u00e9s ser\u00e1 cuesti\u00f3n de la pr\u00f3xima dirigencia&#8221;<\/strong>, agreg\u00f3.<\/p>\n<p><strong>&#8220;El t\u00e9cnico que trajimos es de nuestro estilo futbol\u00edstico. Cuando en conferencia de prensa que en Independiente aprendi\u00f3 que no solamente hay que ganar sino ganar jugando bien, entendi\u00f3 lo que piensa el hincha de Independiente&#8221;<\/strong>, cerr\u00f3.<\/p>\n<p>Vaccari lleg\u00f3 en mayo del 2024, <strong>cumpli\u00f3 un a\u00f1o al frente del equipo y <a href=\"https:\/\/www.locoxelrojo.com\/independiente\/2025\/05\/31\/los-50-partidos-de-vaccari\/\">alcanz\u00f3 los 50 partidos<\/a> con una efectividad del 58,6%<\/strong>. Su continuidad est\u00e1 encaminada y ser\u00e1 cuesti\u00f3n de cerrar todo en las pr\u00f3ximas semanas.<\/p>\n","protected":false},"excerpt":{"rendered":"<p>Daniel Seoane, secretario general de Independiente, hizo p\u00fablico un deseo de la Comisi\u00f3n Directiva. El contrato de Julio Vaccari finaliza en diciembre 2025. Si bien a\u00fan queda un semestre por delante, los dirigentes pretenden reconocer el trabajo hecho por el DT hasta el momento y extender el v\u00ednculo. El propio Vaccari en conferencia de prensa [&hellip;]<\/p>\n","protected":false},"author":1,"featured_media":120565,"comment_status":"open","ping_status":"closed","sticky":false,"template":"","format":"standard","meta":{"_links_to":"","_links_to_target":""},"categories":[3280,3247],"tags":[153,1793,5633],"_links":{"self":[{"href":"https:\/\/www.locoxelrojo.com\/independiente\/wp-json\/wp\/v2\/posts\/125383"}],"collection":[{"href":"https:\/\/www.locoxelrojo.com\/independiente\/wp-json\/wp\/v2\/posts"}],"about":[{"href":"https:\/\/www.locoxelrojo.com\/independiente\/wp-json\/wp\/v2\/types\/post"}],"author":[{"embeddable":true,"href":"https:\/\/www.locoxelrojo.com\/independiente\/wp-json\/wp\/v2\/users\/1"}],"replies":[{"embeddable":true,"href":"https:\/\/www.locoxelrojo.com\/independiente\/wp-json\/wp\/v2\/comments?post=125383"}],"version-history":[{"count":1,"href":"https:\/\/www.locoxelrojo.com\/independiente\/wp-json\/wp\/v2\/posts\/125383\/revisions"}],"predecessor-version":[{"id":125384,"href":"https:\/\/www.locoxelrojo.com\/independiente\/wp-json\/wp\/v2\/posts\/125383\/revisions\/125384"}],"wp:featuredmedia":[{"embeddable":true,"href":"https:\/\/www.locoxelrojo.com\/independiente\/wp-json\/wp\/v2\/media\/120565"}],"wp:attachment":[{"href":"https:\/\/www.locoxelrojo.com\/independiente\/wp-json\/wp\/v2\/media?parent=125383"}],"wp:term":[{"taxonomy":"category","embeddable":true,"href":"https:\/\/www.locoxelrojo.com\/independiente\/wp-json\/wp\/v2\/categories?post=125383"},{"taxonomy":"post_tag","embeddable":true,"href":"https:\/\/www.locoxelrojo.com\/independiente\/wp-json\/wp\/v2\/tags?post=125383"}],"curies":[{"name":"wp","href":"https:\/\/api.w.org\/{rel}","templated":true}]}}