{"id":125446,"date":"2025-06-10T15:20:18","date_gmt":"2025-06-10T18:20:18","guid":{"rendered":"https:\/\/www.locoxelrojo.com\/independiente\/?p=125446"},"modified":"2025-06-10T16:29:16","modified_gmt":"2025-06-10T19:29:16","slug":"de-irastorza-voy-a-sumar-desde-donde-toque","status":"publish","type":"post","link":"https:\/\/www.locoxelrojo.com\/independiente\/2025\/06\/10\/de-irastorza-voy-a-sumar-desde-donde-toque\/","title":{"rendered":"De Irastorza: &#8220;Voy a sumar desde donde toque&#8221;"},"content":{"rendered":"<p><strong>Jonathan De Irastorza dio una nota donde habl\u00f3 acerca de su llegada e inicios en Independiente y su actualidad en el plantel profesional.<\/strong><\/p>\n<p>El lateral de 19 a\u00f1os comenz\u00f3 contando c\u00f3mo arrib\u00f3 al club: <strong>&#8220;Cuando ten\u00eda 12 a\u00f1os qued\u00e9 en Gimnasia e Independiente, pero decid\u00ed jugar en el Rey de Copas. En Inferiores, Luciano Bellera y Santiago Rodriguez me llevaron a sus casas para que no pase solo los fines de semana y eso es algo que les voy a agradecer siempre&#8221;<\/strong>.<\/p>\n<p><strong>&#8220;Yo estuve en la tribuna, en la cancha como alcanzapelotas, y la verdad que ahora estar ah\u00ed dentro del campo vistiendo estos colores hermosos, es muy lindo. Y el apoyo de la gente, a\u00fan m\u00e1s tambi\u00e9n&#8221;<\/strong>, expres\u00f3 Zamba, quien hab\u00eda debutado el a\u00f1o pasado ante Newell&#8217;s en Rosario.<\/p>\n<p>Con respecto a su titularidad en el \u00faltimo partido ante Nacional Potos\u00ed, coment\u00f3: <strong>&#8220;El d\u00eda del partido todos mis compa\u00f1eros vinieron a transmitirme tranquilidad. \u00c1lvaro Angulo y Adri\u00e1n Sp\u00f6rle son dos personas muy buenas, me aconsejan siempre&#8221;<\/strong>.<\/p>\n<p><strong>&#8220;Yo entiendo el momento y s\u00e9 que si se va \u00c1lvaro vendr\u00e1 otro. Voy a sumar desde donde toque, suplente, titular o tercer lateral. Me entreno para estar al 100% cuando tenga la chance. Jugu\u00e9 un solo partido como titular y s\u00e9 que tengo que seguir trabajando&#8221;<\/strong>, reconoci\u00f3 en di\u00e1logo con Tribuna Roja.<\/p>\n","protected":false},"excerpt":{"rendered":"<p>Jonathan De Irastorza dio una nota donde habl\u00f3 acerca de su llegada e inicios en Independiente y su actualidad en el plantel profesional. El lateral de 19 a\u00f1os comenz\u00f3 contando c\u00f3mo arrib\u00f3 al club: &#8220;Cuando ten\u00eda 12 a\u00f1os qued\u00e9 en Gimnasia e Independiente, pero decid\u00ed jugar en el Rey de Copas. En Inferiores, Luciano Bellera [&hellip;]<\/p>\n","protected":false},"author":101037,"featured_media":125447,"comment_status":"open","ping_status":"closed","sticky":false,"template":"","format":"standard","meta":{"_links_to":"","_links_to_target":""},"categories":[3247,3],"tags":[5758,153,4188],"_links":{"self":[{"href":"https:\/\/www.locoxelrojo.com\/independiente\/wp-json\/wp\/v2\/posts\/125446"}],"collection":[{"href":"https:\/\/www.locoxelrojo.com\/independiente\/wp-json\/wp\/v2\/posts"}],"about":[{"href":"https:\/\/www.locoxelrojo.com\/independiente\/wp-json\/wp\/v2\/types\/post"}],"author":[{"embeddable":true,"href":"https:\/\/www.locoxelrojo.com\/independiente\/wp-json\/wp\/v2\/users\/101037"}],"replies":[{"embeddable":true,"href":"https:\/\/www.locoxelrojo.com\/independiente\/wp-json\/wp\/v2\/comments?post=125446"}],"version-history":[{"count":3,"href":"https:\/\/www.locoxelrojo.com\/independiente\/wp-json\/wp\/v2\/posts\/125446\/revisions"}],"predecessor-version":[{"id":125451,"href":"https:\/\/www.locoxelrojo.com\/independiente\/wp-json\/wp\/v2\/posts\/125446\/revisions\/125451"}],"wp:featuredmedia":[{"embeddable":true,"href":"https:\/\/www.locoxelrojo.com\/independiente\/wp-json\/wp\/v2\/media\/125447"}],"wp:attachment":[{"href":"https:\/\/www.locoxelrojo.com\/independiente\/wp-json\/wp\/v2\/media?parent=125446"}],"wp:term":[{"taxonomy":"category","embeddable":true,"href":"https:\/\/www.locoxelrojo.com\/independiente\/wp-json\/wp\/v2\/categories?post=125446"},{"taxonomy":"post_tag","embeddable":true,"href":"https:\/\/www.locoxelrojo.com\/independiente\/wp-json\/wp\/v2\/tags?post=125446"}],"curies":[{"name":"wp","href":"https:\/\/api.w.org\/{rel}","templated":true}]}}