{"id":12545,"date":"2011-11-08T03:00:29","date_gmt":"2011-11-08T06:00:29","guid":{"rendered":"http:\/\/www.locoxelrojo.com.ar\/independiente\/?p=12545"},"modified":"2015-09-21T21:24:54","modified_gmt":"2015-09-22T00:24:54","slug":"pato-vidal-estamos-haciendo-una-campana-barbara","status":"publish","type":"post","link":"https:\/\/www.locoxelrojo.com\/independiente\/2011\/11\/08\/pato-vidal-estamos-haciendo-una-campana-barbara\/","title":{"rendered":"P. Vidal: &#8220;Estamos haciendo una campa\u00f1a b\u00e1rbara&#8221;"},"content":{"rendered":"<p><a href=\"http:\/\/www.locoxelrojo.com.ar\/independiente\/wp-content\/uploads\/2011\/11\/pato_vidal.jpg\"><img loading=\"lazy\" class=\"alignnone size-full wp-image-12546\" title=\"pato_vidal\" src=\"http:\/\/www.locoxelrojo.com.ar\/independiente\/wp-content\/uploads\/2011\/11\/pato_vidal.jpg\" alt=\"\" width=\"590\" height=\"315\" srcset=\"https:\/\/locoxelrojo.com\/independiente\/wp-content\/uploads\/2011\/11\/pato_vidal.jpg 590w, https:\/\/locoxelrojo.com\/independiente\/wp-content\/uploads\/2011\/11\/pato_vidal-300x160.jpg 300w\" sizes=\"(max-width: 590px) 100vw, 590px\" \/><\/a><\/p>\n<p>&#8220;La Piponeta&#8221;, puntera en el Torneo de Reserva, tuvo su lugar en <strong>LocoXelRojo Radio<\/strong> en un d\u00eda m\u00e1s que agitado. Patricio Vidal, autor del gol del triunfo frente a All Boys que le dio la punta al conjunto de Cristian D\u00edaz, destac\u00f3 entre otras cosas el buen momento del equipo y la confianza con la que entran a la cancha.<\/p>\n<p><strong>&#8220;Estamos haciendo una campa\u00f1a b\u00e1rbara. El equipo t\u00e1cticamente est\u00e1 muy bien y cuando entramos a la cancha tenemos la sensaci\u00f3n de que no vamos a perder&#8221;<\/strong>, reconoci\u00f3 Pato.<\/p>\n<p>Adem\u00e1s destac\u00f3 cuales son las virtudes de este equipo: <strong>&#8220;somos muy ordenados t\u00e1cticamente, tenemos un juego agresivo de mitad de cancha para adelante. Con Pizzini, Monserat y Villafa\u00f1ez llegamos mucho por afuera. Adem\u00e1s siempre contamos con la ayuda de algunos de Primera que se acomplan muy bien al equipo y la confianza con la que entramos a la cancha ayuda&#8221;<\/strong>.<\/p>\n<p>Por \u00faltimo al consultarle que le falta para poder tener una chance en Primera Divisi\u00f3n declar\u00f3:<strong> &#8220;por ah\u00ed me falta convertir m\u00e1s goles. Tuve la suerte de marcar con All Boys, pero tengo que pulirme m\u00e1s para llegar a la Primera&#8221;<\/strong>, cerr\u00f3.<\/p>\n","protected":false},"excerpt":{"rendered":"<p>&#8220;La Piponeta&#8221;, puntera en el Torneo de Reserva, tuvo su lugar en LocoXelRojo Radio en un d\u00eda m\u00e1s que agitado. Patricio Vidal, autor del gol del triunfo frente a All Boys que le dio la punta al conjunto de Cristian D\u00edaz, destac\u00f3 entre otras cosas el buen momento del equipo y la confianza con la [&hellip;]<\/p>\n","protected":false},"author":1,"featured_media":0,"comment_status":"open","ping_status":"open","sticky":false,"template":"","format":"standard","meta":{"_links_to":"","_links_to_target":""},"categories":[3,17,1],"tags":[153,316,98,231],"_links":{"self":[{"href":"https:\/\/www.locoxelrojo.com\/independiente\/wp-json\/wp\/v2\/posts\/12545"}],"collection":[{"href":"https:\/\/www.locoxelrojo.com\/independiente\/wp-json\/wp\/v2\/posts"}],"about":[{"href":"https:\/\/www.locoxelrojo.com\/independiente\/wp-json\/wp\/v2\/types\/post"}],"author":[{"embeddable":true,"href":"https:\/\/www.locoxelrojo.com\/independiente\/wp-json\/wp\/v2\/users\/1"}],"replies":[{"embeddable":true,"href":"https:\/\/www.locoxelrojo.com\/independiente\/wp-json\/wp\/v2\/comments?post=12545"}],"version-history":[{"count":0,"href":"https:\/\/www.locoxelrojo.com\/independiente\/wp-json\/wp\/v2\/posts\/12545\/revisions"}],"wp:attachment":[{"href":"https:\/\/www.locoxelrojo.com\/independiente\/wp-json\/wp\/v2\/media?parent=12545"}],"wp:term":[{"taxonomy":"category","embeddable":true,"href":"https:\/\/www.locoxelrojo.com\/independiente\/wp-json\/wp\/v2\/categories?post=12545"},{"taxonomy":"post_tag","embeddable":true,"href":"https:\/\/www.locoxelrojo.com\/independiente\/wp-json\/wp\/v2\/tags?post=12545"}],"curies":[{"name":"wp","href":"https:\/\/api.w.org\/{rel}","templated":true}]}}