{"id":125470,"date":"2025-06-11T19:47:39","date_gmt":"2025-06-11T22:47:39","guid":{"rendered":"https:\/\/www.locoxelrojo.com\/independiente\/?p=125470"},"modified":"2025-06-11T19:47:39","modified_gmt":"2025-06-11T22:47:39","slug":"matheu-es-el-nuevo-tecnico-de-la-reserva","status":"publish","type":"post","link":"https:\/\/www.locoxelrojo.com\/independiente\/2025\/06\/11\/matheu-es-el-nuevo-tecnico-de-la-reserva\/","title":{"rendered":"Matheu es el nuevo t\u00e9cnico de la Reserva"},"content":{"rendered":"<p><strong>Carlos Matheu asumi\u00f3 como nuevo t\u00e9cnico de la Reserva de Independiente.<\/strong><\/p>\n<p>Este mi\u00e9rcoles se llev\u00f3 adelante <strong>la firma del contrato que ser\u00e1 por 18 meses, hasta diciembre 2026<\/strong>. Viene a reemplazar a Mart\u00edn Di Diego.<\/p>\n<p>Matheu ser\u00e1 el entrenador principal, <strong>pero estar\u00e1 acompa\u00f1ado por otro viejo conocido de la casa, Eduardo Tuzzio su ayudante de campo.<\/strong> Es una apuesta fuerte por parte de los dirigentes, para <strong>fortalecer el v\u00ednculo entre las Divisiones Inferiores y el primer equipo, adem\u00e1s de fomentar el sentido de pertenencia.<\/strong><\/p>\n<p>Son dos nombres que quedaron grabados en la memoria de los hinchas del Rojo por su rol en la obtenci\u00f3n de la Copa Sudamericana 2010, y r<strong>egresan para asumir un nuevo desaf\u00edo apostando a construir el futuro del club.<\/strong><\/p>\n<p>Hugo Tocalli, Coordinador de Inferiores, tom\u00f3 la decisi\u00f3n tras la salida de Di Diego, quien dej\u00f3 su cargo luego del empate ante Rosario Central y la no clasificaci\u00f3n a los playoffs del Torneo Proyecci\u00f3n.<\/p>\n<blockquote class=\"twitter-tweet\">\n<p dir=\"ltr\" lang=\"es\">\u270d\ufe0f Carlos Matheu y Eduardo Tuzzio firmaron su v\u00ednculo con <a href=\"https:\/\/twitter.com\/hashtag\/Independiente?src=hash&amp;ref_src=twsrc%5Etfw\">#Independiente<\/a> para dirigir a la Reserva hasta diciembre de 2026.<\/p>\n<p>\u00a1Bienvenidos a casa! \u2665\ufe0f<a href=\"https:\/\/twitter.com\/hashtag\/TodoRojo?src=hash&amp;ref_src=twsrc%5Etfw\">#TodoRojo<\/a>  <a href=\"https:\/\/t.co\/i9ZzkChMfC\">pic.twitter.com\/i9ZzkChMfC<\/a><\/p>\n<p>\u2014 C. A. Independiente (@Independiente) <a href=\"https:\/\/twitter.com\/Independiente\/status\/1932859105523212523?ref_src=twsrc%5Etfw\">June 11, 2025<\/a><\/p><\/blockquote>\n<p><script async src=\"https:\/\/platform.twitter.com\/widgets.js\" charset=\"utf-8\"><\/script><\/p>\n","protected":false},"excerpt":{"rendered":"<p>Carlos Matheu asumi\u00f3 como nuevo t\u00e9cnico de la Reserva de Independiente. Este mi\u00e9rcoles se llev\u00f3 adelante la firma del contrato que ser\u00e1 por 18 meses, hasta diciembre 2026. Viene a reemplazar a Mart\u00edn Di Diego. Matheu ser\u00e1 el entrenador principal, pero estar\u00e1 acompa\u00f1ado por otro viejo conocido de la casa, Eduardo Tuzzio su ayudante de [&hellip;]<\/p>\n","protected":false},"author":101042,"featured_media":125471,"comment_status":"open","ping_status":"closed","sticky":false,"template":"","format":"standard","meta":{"_links_to":"","_links_to_target":""},"categories":[3247,141],"tags":[27,135,5345,5705,231],"_links":{"self":[{"href":"https:\/\/www.locoxelrojo.com\/independiente\/wp-json\/wp\/v2\/posts\/125470"}],"collection":[{"href":"https:\/\/www.locoxelrojo.com\/independiente\/wp-json\/wp\/v2\/posts"}],"about":[{"href":"https:\/\/www.locoxelrojo.com\/independiente\/wp-json\/wp\/v2\/types\/post"}],"author":[{"embeddable":true,"href":"https:\/\/www.locoxelrojo.com\/independiente\/wp-json\/wp\/v2\/users\/101042"}],"replies":[{"embeddable":true,"href":"https:\/\/www.locoxelrojo.com\/independiente\/wp-json\/wp\/v2\/comments?post=125470"}],"version-history":[{"count":1,"href":"https:\/\/www.locoxelrojo.com\/independiente\/wp-json\/wp\/v2\/posts\/125470\/revisions"}],"predecessor-version":[{"id":125472,"href":"https:\/\/www.locoxelrojo.com\/independiente\/wp-json\/wp\/v2\/posts\/125470\/revisions\/125472"}],"wp:featuredmedia":[{"embeddable":true,"href":"https:\/\/www.locoxelrojo.com\/independiente\/wp-json\/wp\/v2\/media\/125471"}],"wp:attachment":[{"href":"https:\/\/www.locoxelrojo.com\/independiente\/wp-json\/wp\/v2\/media?parent=125470"}],"wp:term":[{"taxonomy":"category","embeddable":true,"href":"https:\/\/www.locoxelrojo.com\/independiente\/wp-json\/wp\/v2\/categories?post=125470"},{"taxonomy":"post_tag","embeddable":true,"href":"https:\/\/www.locoxelrojo.com\/independiente\/wp-json\/wp\/v2\/tags?post=125470"}],"curies":[{"name":"wp","href":"https:\/\/api.w.org\/{rel}","templated":true}]}}