{"id":125473,"date":"2025-06-11T21:25:26","date_gmt":"2025-06-12T00:25:26","guid":{"rendered":"https:\/\/www.locoxelrojo.com\/independiente\/?p=125473"},"modified":"2025-06-11T21:25:26","modified_gmt":"2025-06-12T00:25:26","slug":"los-centrales-apuntados","status":"publish","type":"post","link":"https:\/\/www.locoxelrojo.com\/independiente\/2025\/06\/11\/los-centrales-apuntados\/","title":{"rendered":"Los centrales apuntados"},"content":{"rendered":"<p><strong>Independiente busca centrales y ya hay 3 futbolistas apuntados por Julio Vaccari.<\/strong><\/p>\n<p>Es uno de los puestos que el entrenador quiere reforzar. M\u00e1s de una vez en conferencia de prensa ha declarado con enojo por la falta de jugadores en ese sector de la defensa. <strong>Ahora, con la reciente operaci\u00f3n de Sebasti\u00e1n Vald\u00e9z y la posible salida de Kevin Lom\u00f3naco, la urgencia por reforzar es mayor.<\/strong><\/p>\n<p>Dentro de la carpeta aparecen 3 nombres, a uno lo conoce mucho, al otro lo tiene estudiado y al \u00faltimo lo busc\u00f3 anteriormente: <strong>Adonis Fr\u00edas, Zaid Romero y Lucas Merolla.<\/strong><\/p>\n<p>A <strong>Fr\u00edas<\/strong> lo tuvo en Defensa y Justicia. Actualmente juega en <strong>Le\u00f3n de M\u00e9xico<\/strong>, pero el club est\u00e1 haciendo cambio en la plantilla y <strong>no tendr\u00eda problemas en desprenderse del futbolista de 27 a\u00f1os por una venta.<\/strong><\/p>\n<p><strong>Romero<\/strong>, de 25 a\u00f1os, es <strong>un central zurdo que est\u00e1 en Brujas de B\u00e9lgica<\/strong>. En el pa\u00eds en Primera Divisi\u00f3n pas\u00f3 por Godoy Cruz y Estudiantes, donde su gran paso por el Pincha lo hizo emigrar al viejo continente. <strong>Es el m\u00e1s dif\u00edcil de avanzar.<\/strong><\/p>\n<p>Nuevamente interesa <strong>Merolla<\/strong>, que ya son\u00f3 en el mercado pasado. Otro zurdo, pero de 29 a\u00f1os que <strong>est\u00e1 en el Mazatl\u00e1n de M\u00e9xico. Al igual que Fr\u00edas la operaci\u00f3n es m\u00e1s viable. <\/strong><\/p>\n","protected":false},"excerpt":{"rendered":"<p>Independiente busca centrales y ya hay 3 futbolistas apuntados por Julio Vaccari. Es uno de los puestos que el entrenador quiere reforzar. M\u00e1s de una vez en conferencia de prensa ha declarado con enojo por la falta de jugadores en ese sector de la defensa. Ahora, con la reciente operaci\u00f3n de Sebasti\u00e1n Vald\u00e9z y la [&hellip;]<\/p>\n","protected":false},"author":1,"featured_media":125475,"comment_status":"open","ping_status":"closed","sticky":false,"template":"","format":"standard","meta":{"_links_to":"","_links_to_target":""},"categories":[3280,3247,1],"tags":[5828,153,5633,5830,5829],"_links":{"self":[{"href":"https:\/\/www.locoxelrojo.com\/independiente\/wp-json\/wp\/v2\/posts\/125473"}],"collection":[{"href":"https:\/\/www.locoxelrojo.com\/independiente\/wp-json\/wp\/v2\/posts"}],"about":[{"href":"https:\/\/www.locoxelrojo.com\/independiente\/wp-json\/wp\/v2\/types\/post"}],"author":[{"embeddable":true,"href":"https:\/\/www.locoxelrojo.com\/independiente\/wp-json\/wp\/v2\/users\/1"}],"replies":[{"embeddable":true,"href":"https:\/\/www.locoxelrojo.com\/independiente\/wp-json\/wp\/v2\/comments?post=125473"}],"version-history":[{"count":1,"href":"https:\/\/www.locoxelrojo.com\/independiente\/wp-json\/wp\/v2\/posts\/125473\/revisions"}],"predecessor-version":[{"id":125474,"href":"https:\/\/www.locoxelrojo.com\/independiente\/wp-json\/wp\/v2\/posts\/125473\/revisions\/125474"}],"wp:featuredmedia":[{"embeddable":true,"href":"https:\/\/www.locoxelrojo.com\/independiente\/wp-json\/wp\/v2\/media\/125475"}],"wp:attachment":[{"href":"https:\/\/www.locoxelrojo.com\/independiente\/wp-json\/wp\/v2\/media?parent=125473"}],"wp:term":[{"taxonomy":"category","embeddable":true,"href":"https:\/\/www.locoxelrojo.com\/independiente\/wp-json\/wp\/v2\/categories?post=125473"},{"taxonomy":"post_tag","embeddable":true,"href":"https:\/\/www.locoxelrojo.com\/independiente\/wp-json\/wp\/v2\/tags?post=125473"}],"curies":[{"name":"wp","href":"https:\/\/api.w.org\/{rel}","templated":true}]}}