{"id":125476,"date":"2025-06-12T20:30:09","date_gmt":"2025-06-12T23:30:09","guid":{"rendered":"https:\/\/www.locoxelrojo.com\/independiente\/?p=125476"},"modified":"2025-06-12T20:30:09","modified_gmt":"2025-06-12T23:30:09","slug":"como-viene-la-recuperacion-de-valdez","status":"publish","type":"post","link":"https:\/\/www.locoxelrojo.com\/independiente\/2025\/06\/12\/como-viene-la-recuperacion-de-valdez\/","title":{"rendered":"\u00bfC\u00f3mo viene la recuperaci\u00f3n de Vald\u00e9z?"},"content":{"rendered":"<p><strong>Sebasti\u00e1n Vald\u00e9z<\/strong> habl\u00f3 antes del comienzo de la pretemporada con Independiente y cont\u00f3 <strong>c\u00f3mo viene la recuperaci\u00f3n luego de la intervenci\u00f3n quir\u00fargica<\/strong>.<\/p>\n<p><strong>&#8220;Estoy bien del tobillo, gracias a Dios y a los m\u00e9dicos. Jugamos el \u00faltimo partido por Copa y al otro d\u00eda me estaban operando. Tengo que recuperar la sensibilidad en el tobillo, espero que lo saquemos antes de lo esperado&#8221;<\/strong>, coment\u00f3 en Dsports Radio.<\/p>\n<p>Vald\u00e9z tuvo que pasar por el quir\u00f3fano antes de las vacaciones <a href=\"https:\/\/www.locoxelrojo.com\/independiente\/2025\/05\/29\/valdez-paso-por-el-quirofano\/\">porque arrastr\u00f3 durante 2 meses una luxaci\u00f3n del tend\u00f3n peroneo de la pierna derecha<\/a>. <strong>&#8220;El viernes nos tenemos que presentar. En lo que a m\u00ed respecta, me quedan unos d\u00edas con la bota y las muletas, para encarar la \u00faltima parte de la recuperaci\u00f3n&#8221;<\/strong>, cerr\u00f3.<\/p>\n<p>Se estima que <strong>la recuperaci\u00f3n del nacido en Lomas de Zamora pueda demorarse, al menos, hasta fines de julio<\/strong>. Por eso <a href=\"https:\/\/www.locoxelrojo.com\/independiente\/2025\/06\/11\/los-centrales-apuntados\/\">la dirigencia acelera la b\u00fasqueda de defensores centrales<\/a>.<\/p>\n","protected":false},"excerpt":{"rendered":"<p>Sebasti\u00e1n Vald\u00e9z habl\u00f3 antes del comienzo de la pretemporada con Independiente y cont\u00f3 c\u00f3mo viene la recuperaci\u00f3n luego de la intervenci\u00f3n quir\u00fargica. &#8220;Estoy bien del tobillo, gracias a Dios y a los m\u00e9dicos. Jugamos el \u00faltimo partido por Copa y al otro d\u00eda me estaban operando. Tengo que recuperar la sensibilidad en el tobillo, espero [&hellip;]<\/p>\n","protected":false},"author":101039,"featured_media":125477,"comment_status":"open","ping_status":"closed","sticky":false,"template":"","format":"standard","meta":{"_links_to":"","_links_to_target":""},"categories":[3247,3],"tags":[153,5753],"_links":{"self":[{"href":"https:\/\/www.locoxelrojo.com\/independiente\/wp-json\/wp\/v2\/posts\/125476"}],"collection":[{"href":"https:\/\/www.locoxelrojo.com\/independiente\/wp-json\/wp\/v2\/posts"}],"about":[{"href":"https:\/\/www.locoxelrojo.com\/independiente\/wp-json\/wp\/v2\/types\/post"}],"author":[{"embeddable":true,"href":"https:\/\/www.locoxelrojo.com\/independiente\/wp-json\/wp\/v2\/users\/101039"}],"replies":[{"embeddable":true,"href":"https:\/\/www.locoxelrojo.com\/independiente\/wp-json\/wp\/v2\/comments?post=125476"}],"version-history":[{"count":1,"href":"https:\/\/www.locoxelrojo.com\/independiente\/wp-json\/wp\/v2\/posts\/125476\/revisions"}],"predecessor-version":[{"id":125478,"href":"https:\/\/www.locoxelrojo.com\/independiente\/wp-json\/wp\/v2\/posts\/125476\/revisions\/125478"}],"wp:featuredmedia":[{"embeddable":true,"href":"https:\/\/www.locoxelrojo.com\/independiente\/wp-json\/wp\/v2\/media\/125477"}],"wp:attachment":[{"href":"https:\/\/www.locoxelrojo.com\/independiente\/wp-json\/wp\/v2\/media?parent=125476"}],"wp:term":[{"taxonomy":"category","embeddable":true,"href":"https:\/\/www.locoxelrojo.com\/independiente\/wp-json\/wp\/v2\/categories?post=125476"},{"taxonomy":"post_tag","embeddable":true,"href":"https:\/\/www.locoxelrojo.com\/independiente\/wp-json\/wp\/v2\/tags?post=125476"}],"curies":[{"name":"wp","href":"https:\/\/api.w.org\/{rel}","templated":true}]}}