{"id":125479,"date":"2025-06-12T21:52:21","date_gmt":"2025-06-13T00:52:21","guid":{"rendered":"https:\/\/www.locoxelrojo.com\/independiente\/?p=125479"},"modified":"2025-06-12T21:52:21","modified_gmt":"2025-06-13T00:52:21","slug":"pussetto-interesa-asi-lo-confirmo-montana","status":"publish","type":"post","link":"https:\/\/www.locoxelrojo.com\/independiente\/2025\/06\/12\/pussetto-interesa-asi-lo-confirmo-montana\/","title":{"rendered":"Pussetto interesa: as\u00ed lo confirm\u00f3 Monta\u00f1a"},"content":{"rendered":"<p><strong>Ignacio Pussetto es uno de los apuntados por Independiente para reforzar el ataque.<\/strong><\/p>\n<p>Pussetto entr\u00f3 en el radar de Independiente en este mercado de pases. El delantero de Pumas de M\u00e9xico aparece en la carpeta de Julio Vaccari <strong>para potenciar la ofensiva del equipo y volver con Walter Mazzantti, con quien ya coincidi\u00f3 en Hurac\u00e1n.<\/strong><\/p>\n<p><strong>Carlos Monta\u00f1a<\/strong>, vicepresidente del club, lo confirm\u00f3 una entrevista con Ac\u00e1 el Rojo: <strong>&#8220;Sabemos que el t\u00e9cnico de Pumas de M\u00e9xico est\u00e1 interesado en \u00c1lvaro Angulo y nosotros tenemos tambi\u00e9n inter\u00e9s por Pussetto, pero no hay nada concreto y tampoco es que una negociaci\u00f3n dependa de la otra&#8221;<\/strong>.<\/p>\n<p>Adem\u00e1s de contar con el visto bueno de Vaccari, en M\u00e9xico Pussetto atraviesa una situaci\u00f3n que podr\u00eda facilitar su salida. <strong>Pumas inici\u00f3 un proceso de depuraci\u00f3n del plantel y no ver\u00eda con malos ojos negociarlo.<\/strong><\/p>\n<p>En lo que va del a\u00f1o <strong>disput\u00f3 36 partidos oficiales, convirti\u00f3 9 goles, brind\u00f3 3 asistencias y acumul\u00f3 2.018 minutos en cancha.<\/strong><\/p>\n","protected":false},"excerpt":{"rendered":"<p>Ignacio Pussetto es uno de los apuntados por Independiente para reforzar el ataque. Pussetto entr\u00f3 en el radar de Independiente en este mercado de pases. El delantero de Pumas de M\u00e9xico aparece en la carpeta de Julio Vaccari para potenciar la ofensiva del equipo y volver con Walter Mazzantti, con quien ya coincidi\u00f3 en Hurac\u00e1n. [&hellip;]<\/p>\n","protected":false},"author":101035,"featured_media":125480,"comment_status":"open","ping_status":"closed","sticky":false,"template":"","format":"standard","meta":{"_links_to":"","_links_to_target":""},"categories":[3280,3247],"tags":[2654,153,5831,824],"_links":{"self":[{"href":"https:\/\/www.locoxelrojo.com\/independiente\/wp-json\/wp\/v2\/posts\/125479"}],"collection":[{"href":"https:\/\/www.locoxelrojo.com\/independiente\/wp-json\/wp\/v2\/posts"}],"about":[{"href":"https:\/\/www.locoxelrojo.com\/independiente\/wp-json\/wp\/v2\/types\/post"}],"author":[{"embeddable":true,"href":"https:\/\/www.locoxelrojo.com\/independiente\/wp-json\/wp\/v2\/users\/101035"}],"replies":[{"embeddable":true,"href":"https:\/\/www.locoxelrojo.com\/independiente\/wp-json\/wp\/v2\/comments?post=125479"}],"version-history":[{"count":1,"href":"https:\/\/www.locoxelrojo.com\/independiente\/wp-json\/wp\/v2\/posts\/125479\/revisions"}],"predecessor-version":[{"id":125481,"href":"https:\/\/www.locoxelrojo.com\/independiente\/wp-json\/wp\/v2\/posts\/125479\/revisions\/125481"}],"wp:featuredmedia":[{"embeddable":true,"href":"https:\/\/www.locoxelrojo.com\/independiente\/wp-json\/wp\/v2\/media\/125480"}],"wp:attachment":[{"href":"https:\/\/www.locoxelrojo.com\/independiente\/wp-json\/wp\/v2\/media?parent=125479"}],"wp:term":[{"taxonomy":"category","embeddable":true,"href":"https:\/\/www.locoxelrojo.com\/independiente\/wp-json\/wp\/v2\/categories?post=125479"},{"taxonomy":"post_tag","embeddable":true,"href":"https:\/\/www.locoxelrojo.com\/independiente\/wp-json\/wp\/v2\/tags?post=125479"}],"curies":[{"name":"wp","href":"https:\/\/api.w.org\/{rel}","templated":true}]}}