{"id":12548,"date":"2011-11-08T04:33:34","date_gmt":"2011-11-08T06:33:34","guid":{"rendered":"http:\/\/www.locoxelrojo.com.ar\/independiente\/?p=12548"},"modified":"2015-09-21T21:25:11","modified_gmt":"2015-09-22T00:25:11","slug":"trinomio-confirmado-en-independiente-mistico","status":"publish","type":"post","link":"https:\/\/www.locoxelrojo.com\/independiente\/2011\/11\/08\/trinomio-confirmado-en-independiente-mistico\/","title":{"rendered":"Trinomio confirmado en Independiente M\u00edstico"},"content":{"rendered":"<p><a href=\"http:\/\/www.locoxelrojo.com.ar\/independiente\/wp-content\/uploads\/2011\/11\/cantero-vazquez.jpg\"><img loading=\"lazy\" class=\"alignnone size-full wp-image-12549\" title=\"cantero-vazquez\" src=\"http:\/\/www.locoxelrojo.com.ar\/independiente\/wp-content\/uploads\/2011\/11\/cantero-vazquez.jpg\" alt=\"\" width=\"590\" height=\"315\" srcset=\"https:\/\/locoxelrojo.com\/independiente\/wp-content\/uploads\/2011\/11\/cantero-vazquez.jpg 590w, https:\/\/locoxelrojo.com\/independiente\/wp-content\/uploads\/2011\/11\/cantero-vazquez-300x160.jpg 300w\" sizes=\"(max-width: 590px) 100vw, 590px\" \/><\/a><\/p>\n<p>La <strong>Agrupaci\u00f3n Independiente M\u00edstico<\/strong> tiene confirmado el trinomio para las elecciones del 18 de diciembre en el Rojo. <strong>Javier Cantero, Rub\u00e9n V\u00e1zquez y Claudio Keblaitis ser\u00e1n los que le dar\u00e1n pelea al oficialismo<\/strong>, que se destap\u00f3 con la noticia de la semana, dejando de lado a Julio Comparada y apostando a la figura de &#8220;Cacho&#8221; Baldomero \u00c1lvarez de Olivera.<\/p>\n<p>Si bien el principal trinomio opositor, seg\u00fan marcan las encuestas, ya se ven\u00eda manejando en los medios, fue el Presidente de la Agrupaci\u00f3n Rub\u00e9n V\u00e1zquez quien lo confirm\u00f3 en <strong>Infierno Encantador<\/strong>: <strong>&#8220;confirmado el trinomio, es oficial: Javier Cantero ir\u00e1 como Presidente, Yo como Vice 1ro y Claudio Keblaitis como Vice 2do&#8221;<\/strong>. Adem\u00e1s se encarg\u00f3 de aclarar que todav\u00eda faltan confirmar algunos cargos y que est\u00e1n <strong>&#8220;trabajando para presentar el viernes la lista completa como marca la ley&#8221;<\/strong>.<\/p>\n<p>Por \u00faltimo manifest\u00f3 que no es <strong>&#8220;su funci\u00f3n evaluar al oficialismo&#8221;<\/strong> y que Julio Comparada se baj\u00f3 de la Presidencia porque las encuestas no le son favorables. <strong>&#8220;Nosotros lo vivimos, visitamos mas de mil socios&#8221;<\/strong>, dijo.<\/p>\n","protected":false},"excerpt":{"rendered":"<p>La Agrupaci\u00f3n Independiente M\u00edstico tiene confirmado el trinomio para las elecciones del 18 de diciembre en el Rojo. Javier Cantero, Rub\u00e9n V\u00e1zquez y Claudio Keblaitis ser\u00e1n los que le dar\u00e1n pelea al oficialismo, que se destap\u00f3 con la noticia de la semana, dejando de lado a Julio Comparada y apostando a la figura de &#8220;Cacho&#8221; [&hellip;]<\/p>\n","protected":false},"author":1,"featured_media":0,"comment_status":"open","ping_status":"open","sticky":false,"template":"","format":"standard","meta":{"_links_to":"","_links_to_target":""},"categories":[1],"tags":[1081,153,722,761,723,1118],"_links":{"self":[{"href":"https:\/\/www.locoxelrojo.com\/independiente\/wp-json\/wp\/v2\/posts\/12548"}],"collection":[{"href":"https:\/\/www.locoxelrojo.com\/independiente\/wp-json\/wp\/v2\/posts"}],"about":[{"href":"https:\/\/www.locoxelrojo.com\/independiente\/wp-json\/wp\/v2\/types\/post"}],"author":[{"embeddable":true,"href":"https:\/\/www.locoxelrojo.com\/independiente\/wp-json\/wp\/v2\/users\/1"}],"replies":[{"embeddable":true,"href":"https:\/\/www.locoxelrojo.com\/independiente\/wp-json\/wp\/v2\/comments?post=12548"}],"version-history":[{"count":0,"href":"https:\/\/www.locoxelrojo.com\/independiente\/wp-json\/wp\/v2\/posts\/12548\/revisions"}],"wp:attachment":[{"href":"https:\/\/www.locoxelrojo.com\/independiente\/wp-json\/wp\/v2\/media?parent=12548"}],"wp:term":[{"taxonomy":"category","embeddable":true,"href":"https:\/\/www.locoxelrojo.com\/independiente\/wp-json\/wp\/v2\/categories?post=12548"},{"taxonomy":"post_tag","embeddable":true,"href":"https:\/\/www.locoxelrojo.com\/independiente\/wp-json\/wp\/v2\/tags?post=12548"}],"curies":[{"name":"wp","href":"https:\/\/api.w.org\/{rel}","templated":true}]}}