{"id":125486,"date":"2025-06-12T23:30:02","date_gmt":"2025-06-13T02:30:02","guid":{"rendered":"https:\/\/www.locoxelrojo.com\/independiente\/?p=125486"},"modified":"2025-06-13T00:16:35","modified_gmt":"2025-06-13T03:16:35","slug":"avalos-se-refirio-a-su-futuro-en-independiente","status":"publish","type":"post","link":"https:\/\/www.locoxelrojo.com\/independiente\/2025\/06\/12\/avalos-se-refirio-a-su-futuro-en-independiente\/","title":{"rendered":"\u00c1valos se refiri\u00f3 a su futuro en Independiente"},"content":{"rendered":"<p><strong>Gabriel \u00c1valos es una de las posibles salidas de Independiente en este mercado de pases. El delantero habl\u00f3 sobre su futuro.<\/strong><\/p>\n<p>El delantero de 34 a\u00f1os se refiri\u00f3 al inter\u00e9s de Olimpia y su futuro despu\u00e9s de disputar la doble fecha de Eliminatorias con la Selecci\u00f3n de Paraguay: <strong>&#8220;En una semana vuelvo a los entrenamientos con Independiente. Yo estoy bien, tengo contrato vigente<\/strong> <strong>todav\u00eda&#8221;<\/strong>, dijo en conversaci\u00f3n con ABC Cardinal. \u00c1valos se encuentra vinculado con el Rojo hasta el 31 de diciembre de 2026.<\/p>\n<p>Sin embargo, su futuro sigue siendo incierto. <strong>&#8220;Primero tomar\u00e9 un descanso estos d\u00edas, despu\u00e9s veremos qu\u00e9 hay de posibilidad. Obviamente, siempre uno piensa en volver a su pa\u00eds, no tengo ganas de quedarme a vivir en otro lado, pero hay que tener en cuenta que es algo profesional&#8221;<\/strong>, explic\u00f3 ante un posible regreso a su tierra natal.<\/p>\n<p>Tambi\u00e9n se refiri\u00f3 a los contactos entre el Decano y su representante: <strong>&#8220;De Olimpia creo que hablaron con mi representante, la pr\u00f3xima semana me reunir\u00e9 con \u00e9l y tomar\u00e9 una decisi\u00f3n sobre mi futuro&#8221;<\/strong>, coment\u00f3.<\/p>\n<p>Con el inter\u00e9s concreto del conjunto paraguayo, que ya lo quiso incorporar el mercado de pases pasado, <strong>la pr\u00f3xima semana ser\u00e1 clave en la definici\u00f3n de la continuidad del ex Argentinos Juniors.<\/strong><\/p>\n","protected":false},"excerpt":{"rendered":"<p>Gabriel \u00c1valos es una de las posibles salidas de Independiente en este mercado de pases. El delantero habl\u00f3 sobre su futuro. El delantero de 34 a\u00f1os se refiri\u00f3 al inter\u00e9s de Olimpia y su futuro despu\u00e9s de disputar la doble fecha de Eliminatorias con la Selecci\u00f3n de Paraguay: &#8220;En una semana vuelvo a los entrenamientos [&hellip;]<\/p>\n","protected":false},"author":101035,"featured_media":125490,"comment_status":"open","ping_status":"closed","sticky":false,"template":"","format":"standard","meta":{"_links_to":"","_links_to_target":""},"categories":[3247,3],"tags":[153,5545,1587],"_links":{"self":[{"href":"https:\/\/www.locoxelrojo.com\/independiente\/wp-json\/wp\/v2\/posts\/125486"}],"collection":[{"href":"https:\/\/www.locoxelrojo.com\/independiente\/wp-json\/wp\/v2\/posts"}],"about":[{"href":"https:\/\/www.locoxelrojo.com\/independiente\/wp-json\/wp\/v2\/types\/post"}],"author":[{"embeddable":true,"href":"https:\/\/www.locoxelrojo.com\/independiente\/wp-json\/wp\/v2\/users\/101035"}],"replies":[{"embeddable":true,"href":"https:\/\/www.locoxelrojo.com\/independiente\/wp-json\/wp\/v2\/comments?post=125486"}],"version-history":[{"count":4,"href":"https:\/\/www.locoxelrojo.com\/independiente\/wp-json\/wp\/v2\/posts\/125486\/revisions"}],"predecessor-version":[{"id":125491,"href":"https:\/\/www.locoxelrojo.com\/independiente\/wp-json\/wp\/v2\/posts\/125486\/revisions\/125491"}],"wp:featuredmedia":[{"embeddable":true,"href":"https:\/\/www.locoxelrojo.com\/independiente\/wp-json\/wp\/v2\/media\/125490"}],"wp:attachment":[{"href":"https:\/\/www.locoxelrojo.com\/independiente\/wp-json\/wp\/v2\/media?parent=125486"}],"wp:term":[{"taxonomy":"category","embeddable":true,"href":"https:\/\/www.locoxelrojo.com\/independiente\/wp-json\/wp\/v2\/categories?post=125486"},{"taxonomy":"post_tag","embeddable":true,"href":"https:\/\/www.locoxelrojo.com\/independiente\/wp-json\/wp\/v2\/tags?post=125486"}],"curies":[{"name":"wp","href":"https:\/\/api.w.org\/{rel}","templated":true}]}}