{"id":125498,"date":"2025-06-13T23:26:30","date_gmt":"2025-06-14T02:26:30","guid":{"rendered":"https:\/\/www.locoxelrojo.com\/independiente\/?p=125498"},"modified":"2025-06-14T00:31:51","modified_gmt":"2025-06-14T03:31:51","slug":"arranco-la-pretemporada-con-ausentes-y-varios-pibes","status":"publish","type":"post","link":"https:\/\/www.locoxelrojo.com\/independiente\/2025\/06\/13\/arranco-la-pretemporada-con-ausentes-y-varios-pibes\/","title":{"rendered":"Arranc\u00f3 la pretemporada: con ausentes y varios pibes"},"content":{"rendered":"<p><strong>Independiente arranc\u00f3 la pretemporada en el predio de Villa Dom\u00ednico.<\/strong> Hubo ausentes con aviso, pero tambi\u00e9n nuevas caras.<\/p>\n<p>Luego de un semestre positivo para el plantel de Julio Vaccari, donde se qued\u00f3 en la semifinal del Torneo Apertura, <strong>el Rojo comenz\u00f3 los preparativos para el \u00faltimo semestre del a\u00f1o<\/strong>, con el objetivo de superar lo hecho hasta ahora.<\/p>\n<p><strong>4 futbolistas no estuvieron presentes<\/strong>, pero todos ellos con el permiso correspondiente. <strong>Felipe Loyola, Kevin Lom\u00f3naco y Gabriel \u00c1valos de vacaciones por su participaci\u00f3n en los seleccionados que disputaron la doble fecha de Eliminatorias Sudamericanas<\/strong>. Otra de las ausencias es <strong>Pablo Galdames, que solicit\u00f3 unos d\u00edas de licencia por el casamiento de un familiar.<\/strong><\/p>\n<p>Vaccari decidi\u00f3 subir a 6 juveniles para observarlos m\u00e1s de cerca y que trabajen a la par del grupo. Ellos son: <strong>\u00c1lvaro Banquero (arquero), Fernando Closter (central), Sim\u00f3n Pinto (lateral), Mateo P\u00e9rez Curci (volante), Mirko D\u00edaz (volante) y Santiago Viollaz (delantero)<\/strong>.<\/p>\n<blockquote class=\"twitter-tweet\">\n<p dir=\"ltr\" lang=\"es\"> Estos son los jugadores que iniciaron la Pretemporada en Villa Dom\u00ednico.<\/p>\n<p>ARQUEROS<\/p>\n<p>Joaqu\u00edn Bl\u00e1quez<br \/>\nMateo Morro<br \/>\nManuel Tasso<br \/>\nRodrigo Rey<br \/>\nAlvaro Banquero<\/p>\n<p>DEFENSORES<\/p>\n<p>Adri\u00e1n Sp\u00f6rle<br \/>\nFederico Vera<br \/>\nNicol\u00e1s Freire<br \/>\nGonzalo Bord\u00f3n<br \/>\nFranco Paredes<br \/>\nSantiago Salle<br \/>\nSebasti\u00e1n Vald\u00e9z\u2026 <a href=\"https:\/\/t.co\/dNCxO2KH9S\">pic.twitter.com\/dNCxO2KH9S<\/a><\/p>\n<p>\u2014 C. A. Independiente (@Independiente) <a href=\"https:\/\/twitter.com\/Independiente\/status\/1933660568109424650?ref_src=twsrc%5Etfw\">June 13, 2025<\/a><\/p><\/blockquote>\n<p><script async src=\"https:\/\/platform.twitter.com\/widgets.js\" charset=\"utf-8\"><\/script><\/p>\n<p>Fue un doble turno, donde tambi\u00e9n <a href=\"https:\/\/www.locoxelrojo.com\/independiente\/2025\/06\/13\/revision-y-visita-por-villa-dominico\/\">pas\u00f3 de visita<\/a> qui\u00e9n ser\u00e1 el primer refuerzo de Independiente en este mercado de pases: <strong>Walter Mazzantti<\/strong>.<\/p>\n<p><a href=\"https:\/\/sportsbet.bet.ar\/registrarse?utm_source=locosxelrojo&amp;utm_brandaffiliate=locosxelrojo\"><img loading=\"lazy\" class=\"aligncenter size-full wp-image-124598\" src=\"https:\/\/locoxelrojo.com\/independiente\/wp-content\/uploads\/2025\/04\/banner-sportsbet-notas.png\" alt=\"banner-sportsbet-notas\" width=\"100%\" height=\"100%\" srcset=\"https:\/\/locoxelrojo.com\/independiente\/wp-content\/uploads\/2025\/04\/banner-sportsbet-notas.png 728w, https:\/\/locoxelrojo.com\/independiente\/wp-content\/uploads\/2025\/04\/banner-sportsbet-notas-300x111.png 300w, https:\/\/locoxelrojo.com\/independiente\/wp-content\/uploads\/2025\/04\/banner-sportsbet-notas-696x258.png 696w\" sizes=\"(max-width: 728px) 100vw, 728px\" \/><\/a><\/p>\n","protected":false},"excerpt":{"rendered":"<p>Independiente arranc\u00f3 la pretemporada en el predio de Villa Dom\u00ednico. Hubo ausentes con aviso, pero tambi\u00e9n nuevas caras. Luego de un semestre positivo para el plantel de Julio Vaccari, donde se qued\u00f3 en la semifinal del Torneo Apertura, el Rojo comenz\u00f3 los preparativos para el \u00faltimo semestre del a\u00f1o, con el objetivo de superar lo [&hellip;]<\/p>\n","protected":false},"author":101043,"featured_media":125499,"comment_status":"open","ping_status":"closed","sticky":false,"template":"","format":"standard","meta":{"_links_to":"","_links_to_target":""},"categories":[3247,3],"tags":[153,5659,5545,5633,5658,4918,5726,172,5742],"_links":{"self":[{"href":"https:\/\/www.locoxelrojo.com\/independiente\/wp-json\/wp\/v2\/posts\/125498"}],"collection":[{"href":"https:\/\/www.locoxelrojo.com\/independiente\/wp-json\/wp\/v2\/posts"}],"about":[{"href":"https:\/\/www.locoxelrojo.com\/independiente\/wp-json\/wp\/v2\/types\/post"}],"author":[{"embeddable":true,"href":"https:\/\/www.locoxelrojo.com\/independiente\/wp-json\/wp\/v2\/users\/101043"}],"replies":[{"embeddable":true,"href":"https:\/\/www.locoxelrojo.com\/independiente\/wp-json\/wp\/v2\/comments?post=125498"}],"version-history":[{"count":2,"href":"https:\/\/www.locoxelrojo.com\/independiente\/wp-json\/wp\/v2\/posts\/125498\/revisions"}],"predecessor-version":[{"id":125504,"href":"https:\/\/www.locoxelrojo.com\/independiente\/wp-json\/wp\/v2\/posts\/125498\/revisions\/125504"}],"wp:featuredmedia":[{"embeddable":true,"href":"https:\/\/www.locoxelrojo.com\/independiente\/wp-json\/wp\/v2\/media\/125499"}],"wp:attachment":[{"href":"https:\/\/www.locoxelrojo.com\/independiente\/wp-json\/wp\/v2\/media?parent=125498"}],"wp:term":[{"taxonomy":"category","embeddable":true,"href":"https:\/\/www.locoxelrojo.com\/independiente\/wp-json\/wp\/v2\/categories?post=125498"},{"taxonomy":"post_tag","embeddable":true,"href":"https:\/\/www.locoxelrojo.com\/independiente\/wp-json\/wp\/v2\/tags?post=125498"}],"curies":[{"name":"wp","href":"https:\/\/api.w.org\/{rel}","templated":true}]}}