{"id":1256,"date":"2010-09-22T19:24:40","date_gmt":"2010-09-22T22:24:40","guid":{"rendered":"http:\/\/www.locoxelrojo.com.ar\/independiente\/?p=1256"},"modified":"2010-09-24T04:51:52","modified_gmt":"2010-09-24T07:51:52","slug":"gallego-ni-siquiera-participo-de-la-reunion","status":"publish","type":"post","link":"https:\/\/www.locoxelrojo.com\/independiente\/2010\/09\/22\/gallego-ni-siquiera-participo-de-la-reunion\/","title":{"rendered":"Gallego ni siquiera particip\u00f3 de la reuni\u00f3n"},"content":{"rendered":"<p><a href=\"http:\/\/www.locoxelrojo.com.ar\/independiente\/wp-content\/uploads\/2010\/09\/tolo2.jpg\"><img loading=\"lazy\" class=\"alignnone size-full wp-image-1257\" title=\"tolo\" src=\"http:\/\/www.locoxelrojo.com.ar\/independiente\/wp-content\/uploads\/2010\/09\/tolo2.jpg\" alt=\"\" width=\"550\" height=\"315\" srcset=\"https:\/\/locoxelrojo.com\/independiente\/wp-content\/uploads\/2010\/09\/tolo2.jpg 550w, https:\/\/locoxelrojo.com\/independiente\/wp-content\/uploads\/2010\/09\/tolo2-300x171.jpg 300w\" sizes=\"(max-width: 550px) 100vw, 550px\" \/><\/a><\/p>\n<p>Finalmente la reuni\u00f3n de la fecha aconteci\u00f3 entre Christian Mattera y Claudio Curti, representante de Am\u00e9rico Ruben Gallego. Luego de la reuni\u00f3n, Curti\u00a0 dialog\u00f3 con un Buen Momento por radio La Red luego de la reuni\u00f3n que mantuvieron Am\u00e9rico Ruben Gallego y los m\u00e1s altos representantes de la Comisi\u00f3n directiva. El respresentante del t\u00e9cnico aclar\u00f3 que a pesar de la mala salida, el tema &#8220;<strong>se estiliz\u00f3 un poco tras la gesti\u00f3n de Christian Mattera que es quien ten\u00eda m\u00e1s afinidad con el tolo para tratar de ver si se revert\u00eda la situaci\u00f3n. Sin embargo, en ning\u00fan momento se quiso hablar de la parte econ\u00f3mica y ese no era el tema<\/strong>&#8220;.<\/p>\n<p>Sobre la actualidad de Independiente y el mal rendimiento futbol\u00edstico, este motivo tampoco tuvo que ver en el no del \u00faltimo D.T. rojo campe\u00f3n. &#8220;<strong>Ni siquiera analiz\u00f3 el tema del plantel, fue m\u00e1s que nada que ten\u00eda fresca la salida y el momento que le toc\u00f3 vivir. A partir de eso tom\u00f3 esta determinaci\u00f3n. Dijo que no era el momento de volver a Independiente. No tiene rencor hacia nadie sino agradecimiento al club y a la gente<\/strong>.&#8221;, reconoci\u00f3 Curti.<\/p>\n<p>Y sigui\u00f3: &#8220;<strong>Gallego est\u00e1 dolido porque no fue la mejor situaci\u00f3n que le toc\u00f3 vivir. El no estaba \u00edntegro para afrontar esto y prefiri\u00f3 que sea la pr\u00f3xima si es que se da la posibilidad. Fue bastante honesto con su decisi\u00f3n y en ning\u00fan momento se especul\u00f3 para poder lograr algo<\/strong>&#8220;.<\/p>\n<p>Respecto a lo que ya todos los hinchas cre\u00edan que iba a ser un s\u00ed, Curti aclar\u00f3 que el Tolo, &#8220;<strong>solo se pidi\u00f3 un impass para que el terminar de analizar la situaci\u00f3n y sus sentimientos con la familia y se tom\u00f3 esta determinaci\u00f3n.<\/strong>&#8221;<\/p>\n<p>El an\u00e1lisis de la respuesta negativa no deja motivo de an\u00e1lisis para Curti quien explic\u00f3 que &#8220;<strong>se tom\u00f3 una decisi\u00f3n, a veces a uno les cae bien y a otros no les cae tan bien. No es f\u00e1cil el tema a pesar de que se valor\u00f3 lo que dijo Julio Comparada y la gesti\u00f3n que hizo Mattera. Tambi\u00e9n se tuvo en cuenta el sentimiento de la gente pero son cuestiones que tienen que ver con la integridad de uno y eso no se negocia<\/strong>.&#8221;<\/p>\n<p>Por otro lado, reconocieron el cari\u00f1o que los hinchas rojos le tienen al Tolo. &#8220;<strong>La gente va a saber entender la decisi\u00f3n de \u00e9l. Que se tome como tal y no como ninguna otra cuesti\u00f3n.<\/strong>&#8221; En lo personal, Claudio Curti manifest\u00f3 que &#8220;<strong>mi opini\u00f3n no sirve porque el entrenador es \u00e9l y el que se pone el buzo para salir a la cancha es \u00e9l, yo solo arreglo cuestiones contractuales. Yo tengo un sentimiento encontrado con todo esto, uno se termin\u00f3 encari\u00f1ando con al gente y con Independiente entonces pierdo la objetividad<\/strong>.&#8221;<\/p>\n<p>Sobre otas propuestas, Curti dijo &#8220;<strong>hubo otros sondeos pero \u00e9l dijo que no a todo. El tema de Independiente lo bloque\u00f3. La estad\u00edstica de Gallego habla por s\u00ed sola. No es una cuesti\u00f3n personal o una bronca con fulano o mengano<\/strong>.&#8221;<\/p>\n<p>Por otro lado, Renato Della Paollera afirm\u00f3 luego de hablar con el propio presidente del Club que ning\u00fan dirigente pudo dialogar con Am\u00e9rico Ruben Gallego y todas las reuniones fueron con Claudio Curti.<\/p>\n<p>Ma\u00f1ana por el mediod\u00eda llega a Buenos Aires desde Santa Fe Nery Pumpido. El 2do candidato es N\u00e9stor Pekerman. En tanto, el viernes dirigir\u00e1 Manuel Mag\u00e1n quien tambi\u00e9n ser\u00eda el D.T. frente a Defensor Sporting el martes cuando Independiente se juegue la ida de los octavos de final en la Copa Sudamericana.<\/p>\n","protected":false},"excerpt":{"rendered":"<p>Finalmente la reuni\u00f3n de la fecha aconteci\u00f3 entre Christian Mattera y Claudio Curti, representante de Am\u00e9rico Ruben Gallego. Luego de la reuni\u00f3n, Curti\u00a0 dialog\u00f3 con un Buen Momento por radio La Red luego de la reuni\u00f3n que mantuvieron Am\u00e9rico Ruben Gallego y los m\u00e1s altos representantes de la Comisi\u00f3n directiva. El respresentante del t\u00e9cnico aclar\u00f3 [&hellip;]<\/p>\n","protected":false},"author":1,"featured_media":0,"comment_status":"open","ping_status":"open","sticky":false,"template":"","format":"standard","meta":{"_links_to":"","_links_to_target":""},"categories":[3,1],"tags":[35],"_links":{"self":[{"href":"https:\/\/www.locoxelrojo.com\/independiente\/wp-json\/wp\/v2\/posts\/1256"}],"collection":[{"href":"https:\/\/www.locoxelrojo.com\/independiente\/wp-json\/wp\/v2\/posts"}],"about":[{"href":"https:\/\/www.locoxelrojo.com\/independiente\/wp-json\/wp\/v2\/types\/post"}],"author":[{"embeddable":true,"href":"https:\/\/www.locoxelrojo.com\/independiente\/wp-json\/wp\/v2\/users\/1"}],"replies":[{"embeddable":true,"href":"https:\/\/www.locoxelrojo.com\/independiente\/wp-json\/wp\/v2\/comments?post=1256"}],"version-history":[{"count":0,"href":"https:\/\/www.locoxelrojo.com\/independiente\/wp-json\/wp\/v2\/posts\/1256\/revisions"}],"wp:attachment":[{"href":"https:\/\/www.locoxelrojo.com\/independiente\/wp-json\/wp\/v2\/media?parent=1256"}],"wp:term":[{"taxonomy":"category","embeddable":true,"href":"https:\/\/www.locoxelrojo.com\/independiente\/wp-json\/wp\/v2\/categories?post=1256"},{"taxonomy":"post_tag","embeddable":true,"href":"https:\/\/www.locoxelrojo.com\/independiente\/wp-json\/wp\/v2\/tags?post=1256"}],"curies":[{"name":"wp","href":"https:\/\/api.w.org\/{rel}","templated":true}]}}