{"id":126005,"date":"2025-07-23T17:51:24","date_gmt":"2025-07-23T20:51:24","guid":{"rendered":"https:\/\/www.locoxelrojo.com\/independiente\/?p=126005"},"modified":"2025-07-23T17:51:24","modified_gmt":"2025-07-23T20:51:24","slug":"primer-triunfo-oficial-para-los-pibes-de-matheu","status":"publish","type":"post","link":"https:\/\/www.locoxelrojo.com\/independiente\/2025\/07\/23\/primer-triunfo-oficial-para-los-pibes-de-matheu\/","title":{"rendered":"Primer triunfo oficial para los pibes de Matheu"},"content":{"rendered":"<p><strong>Independiente venci\u00f3 1-0 a Talleres en el Predio de Villa Dom\u00ednico, por la segunda fecha del Torneo Proyecci\u00f3n Clausura 2025.<\/strong><\/p>\n<p>La Reserva dirigida por Carlos Matheu, acompa\u00f1ado por Eduardo Tuzzio, <strong>consigui\u00f3 su primer triunfo oficial desde que asumi\u00f3 en el cargo.<\/strong><\/p>\n<p>Para este encuentro, apost\u00f3 por un once m\u00e1s ofensivo y de buen pie: <strong>Joaqu\u00edn Bl\u00e1zquez; Thiago Ben\u00edtez, Ramiro Martino, Nicol\u00e1s Garrido, Sim\u00f3n Pinto; Mateo P\u00e9rez Curci, Facundo Cruz, Thiago Mastrolorenzo; Santino Viollaz, Nahuel Junco y Mirko D\u00edaz<\/strong>.<\/p>\n<p><strong>El \u00fanico gol del encuentro lleg\u00f3 a los 34\u2019 del primer tiempo: gran jugada individual de Viollaz por izquierda y definici\u00f3n de D\u00edaz, que la baj\u00f3 con gran control y fusil\u00f3 al arquero para poner el 1-0<\/strong>.<\/p>\n<p><strong>Josias Palais, Mathias De Las Carreras, Facundo Vald\u00e9z, Agust\u00edn Lara y Felipe Tempone, <\/strong>sostuvieron el resultado ingresando y d\u00e1ndole aire al equipo.<\/p>\n<p><strong>P\u00e9rez Curci se fue expulsado a los 40\u2019 del segundo tiempo por doble amarilla.<\/strong> Igualmente, los pibes resistieron con personalidad los \u00faltimos minutos y se quedaron con los tres puntos.<\/p>\n<p>En la pr\u00f3xima fecha, <strong>Independiente visitar\u00e1 a Gimnasia La Plata el 29 de julio a las 15<\/strong>.<\/p>\n<blockquote class=\"twitter-tweet\">\n<p dir=\"ltr\" lang=\"es\">\u00a1GAN\u00d3OOOOO LA <a href=\"https:\/\/twitter.com\/hashtag\/RESERVA?src=hash&amp;ref_src=twsrc%5Etfw\">#RESERVA<\/a>! <\/p>\n<p>Los pibes, con gol de Mirko D\u00edaz en el primer tiempo, ganaron 1 a 0 frente a Talleres en Dom\u00ednico por la segunda fecha del <a href=\"https:\/\/twitter.com\/hashtag\/TorneoProyecci%C3%B3n?src=hash&amp;ref_src=twsrc%5Etfw\">#TorneoProyecci\u00f3n<\/a>.<a href=\"https:\/\/twitter.com\/hashtag\/TodoRojo?src=hash&amp;ref_src=twsrc%5Etfw\">#TodoRojo<\/a>  <a href=\"https:\/\/t.co\/PbjuM9n2Ao\">pic.twitter.com\/PbjuM9n2Ao<\/a><\/p>\n<p>\u2014 C. A. Independiente (@Independiente) <a href=\"https:\/\/twitter.com\/Independiente\/status\/1948110888852148721?ref_src=twsrc%5Etfw\">July 23, 2025<\/a><\/p><\/blockquote>\n<p><script async src=\"https:\/\/platform.twitter.com\/widgets.js\" charset=\"utf-8\"><\/script><\/p>\n","protected":false},"excerpt":{"rendered":"<p>Independiente venci\u00f3 1-0 a Talleres en el Predio de Villa Dom\u00ednico, por la segunda fecha del Torneo Proyecci\u00f3n Clausura 2025. La Reserva dirigida por Carlos Matheu, acompa\u00f1ado por Eduardo Tuzzio, consigui\u00f3 su primer triunfo oficial desde que asumi\u00f3 en el cargo. Para este encuentro, apost\u00f3 por un once m\u00e1s ofensivo y de buen pie: Joaqu\u00edn [&hellip;]<\/p>\n","protected":false},"author":101042,"featured_media":126006,"comment_status":"open","ping_status":"closed","sticky":false,"template":"","format":"standard","meta":{"_links_to":"","_links_to_target":""},"categories":[3247,141],"tags":[27,5611,231,2624,172],"_links":{"self":[{"href":"https:\/\/www.locoxelrojo.com\/independiente\/wp-json\/wp\/v2\/posts\/126005"}],"collection":[{"href":"https:\/\/www.locoxelrojo.com\/independiente\/wp-json\/wp\/v2\/posts"}],"about":[{"href":"https:\/\/www.locoxelrojo.com\/independiente\/wp-json\/wp\/v2\/types\/post"}],"author":[{"embeddable":true,"href":"https:\/\/www.locoxelrojo.com\/independiente\/wp-json\/wp\/v2\/users\/101042"}],"replies":[{"embeddable":true,"href":"https:\/\/www.locoxelrojo.com\/independiente\/wp-json\/wp\/v2\/comments?post=126005"}],"version-history":[{"count":1,"href":"https:\/\/www.locoxelrojo.com\/independiente\/wp-json\/wp\/v2\/posts\/126005\/revisions"}],"predecessor-version":[{"id":126007,"href":"https:\/\/www.locoxelrojo.com\/independiente\/wp-json\/wp\/v2\/posts\/126005\/revisions\/126007"}],"wp:featuredmedia":[{"embeddable":true,"href":"https:\/\/www.locoxelrojo.com\/independiente\/wp-json\/wp\/v2\/media\/126006"}],"wp:attachment":[{"href":"https:\/\/www.locoxelrojo.com\/independiente\/wp-json\/wp\/v2\/media?parent=126005"}],"wp:term":[{"taxonomy":"category","embeddable":true,"href":"https:\/\/www.locoxelrojo.com\/independiente\/wp-json\/wp\/v2\/categories?post=126005"},{"taxonomy":"post_tag","embeddable":true,"href":"https:\/\/www.locoxelrojo.com\/independiente\/wp-json\/wp\/v2\/tags?post=126005"}],"curies":[{"name":"wp","href":"https:\/\/api.w.org\/{rel}","templated":true}]}}