{"id":126027,"date":"2025-07-25T15:18:02","date_gmt":"2025-07-25T18:18:02","guid":{"rendered":"https:\/\/www.locoxelrojo.com\/independiente\/?p=126027"},"modified":"2025-07-25T15:18:02","modified_gmt":"2025-07-25T18:18:02","slug":"altas-y-bajas-de-independiente-en-el-mercado-de-pases","status":"publish","type":"post","link":"https:\/\/www.locoxelrojo.com\/independiente\/2025\/07\/25\/altas-y-bajas-de-independiente-en-el-mercado-de-pases\/","title":{"rendered":"Altas y bajas de Independiente en el mercado de pases"},"content":{"rendered":"<p>Independiente tuvo altas y bajas durante esta primera parte del mercado de pases. <strong>En Argentina ya cerr\u00f3, pero sigue abierto en varios pa\u00edses hasta el 31 de agosto.<\/strong><\/p>\n<p>Oficialmente el mercado de pases en el pa\u00eds est\u00e1 cerrado. Sin embargo, hay algunas excepciones. Si hay negociaciones abiertas locales entre clubes, habr\u00e1 una semana m\u00e1s. Tambi\u00e9n para los jugadores libres. Adem\u00e1s, <strong>por cada pr\u00e9stamo o venta al exterior se le abre un cupo a cada club, cuyo tiempo l\u00edmite para usarlo es el 31 de agosto<\/strong>. Hasta ac\u00e1, <strong>el Rojo cuenta con el cupo que dej\u00f3 David Mart\u00ednez por su pr\u00e9stamo al Volos de Grecia<\/strong>.<\/p>\n<p><strong>6 fueron las altas contractuales y 12 las bajas<\/strong>. A continuaci\u00f3n detallamos cada caso:<\/p>\n<h2>ALTAS<\/h2>\n<ol>\n<li>Walter Mazzantti<\/li>\n<li>Leonardo Godoy<\/li>\n<li>Ignacio Pussetto<\/li>\n<li>Milton Valenzuela<\/li>\n<li>Lucas Lavagnino<\/li>\n<li>Facundo Zabala<\/li>\n<\/ol>\n<h2>BAJAS<\/h2>\n<ol>\n<li>Braian Mart\u00ednez<\/li>\n<li>Javier Ru\u00edz<\/li>\n<li>David Sayago<\/li>\n<li>Sergio Ort\u00edz<\/li>\n<li>Adri\u00e1n Sp\u00f6rle<\/li>\n<li>\u00c1lvaro Angulo<\/li>\n<li>Santiago Salle<\/li>\n<li>Mat\u00edas Gim\u00e9nez<\/li>\n<li>Ignacio Maestro Puch<\/li>\n<li>Manuel Tasso<\/li>\n<li>David Mart\u00ednez<\/li>\n<li>Juan Rom\u00e1n Zarza<\/li>\n<\/ol>\n","protected":false},"excerpt":{"rendered":"<p>Independiente tuvo altas y bajas durante esta primera parte del mercado de pases. En Argentina ya cerr\u00f3, pero sigue abierto en varios pa\u00edses hasta el 31 de agosto. Oficialmente el mercado de pases en el pa\u00eds est\u00e1 cerrado. Sin embargo, hay algunas excepciones. Si hay negociaciones abiertas locales entre clubes, habr\u00e1 una semana m\u00e1s. Tambi\u00e9n [&hellip;]<\/p>\n","protected":false},"author":1,"featured_media":126028,"comment_status":"open","ping_status":"closed","sticky":false,"template":"","format":"standard","meta":{"_links_to":"","_links_to_target":""},"categories":[3247,3],"tags":[5552,5758,4452,153,5205,4796,5679,5556,5831,5252,4246,4392,5856,4158,5326,5110,5244,4582,5742],"_links":{"self":[{"href":"https:\/\/www.locoxelrojo.com\/independiente\/wp-json\/wp\/v2\/posts\/126027"}],"collection":[{"href":"https:\/\/www.locoxelrojo.com\/independiente\/wp-json\/wp\/v2\/posts"}],"about":[{"href":"https:\/\/www.locoxelrojo.com\/independiente\/wp-json\/wp\/v2\/types\/post"}],"author":[{"embeddable":true,"href":"https:\/\/www.locoxelrojo.com\/independiente\/wp-json\/wp\/v2\/users\/1"}],"replies":[{"embeddable":true,"href":"https:\/\/www.locoxelrojo.com\/independiente\/wp-json\/wp\/v2\/comments?post=126027"}],"version-history":[{"count":1,"href":"https:\/\/www.locoxelrojo.com\/independiente\/wp-json\/wp\/v2\/posts\/126027\/revisions"}],"predecessor-version":[{"id":126029,"href":"https:\/\/www.locoxelrojo.com\/independiente\/wp-json\/wp\/v2\/posts\/126027\/revisions\/126029"}],"wp:featuredmedia":[{"embeddable":true,"href":"https:\/\/www.locoxelrojo.com\/independiente\/wp-json\/wp\/v2\/media\/126028"}],"wp:attachment":[{"href":"https:\/\/www.locoxelrojo.com\/independiente\/wp-json\/wp\/v2\/media?parent=126027"}],"wp:term":[{"taxonomy":"category","embeddable":true,"href":"https:\/\/www.locoxelrojo.com\/independiente\/wp-json\/wp\/v2\/categories?post=126027"},{"taxonomy":"post_tag","embeddable":true,"href":"https:\/\/www.locoxelrojo.com\/independiente\/wp-json\/wp\/v2\/tags?post=126027"}],"curies":[{"name":"wp","href":"https:\/\/api.w.org\/{rel}","templated":true}]}}