{"id":126030,"date":"2025-07-25T15:46:44","date_gmt":"2025-07-25T18:46:44","guid":{"rendered":"https:\/\/www.locoxelrojo.com\/independiente\/?p=126030"},"modified":"2025-07-25T15:46:44","modified_gmt":"2025-07-25T18:46:44","slug":"fernandez-cedres-baja-por-suspension","status":"publish","type":"post","link":"https:\/\/www.locoxelrojo.com\/independiente\/2025\/07\/25\/fernandez-cedres-baja-por-suspension\/","title":{"rendered":"Fern\u00e1ndez Cedr\u00e9s, baja por suspensi\u00f3n"},"content":{"rendered":"<p><strong>Rodrigo Fern\u00e1ndez Cedr\u00e9s se pierde el partido con Gimnasia La Plata.<\/strong><\/p>\n<p><strong>El volante fue expulsado en el final del partido ante Talleres, luego de que Independiente cayera 2-1 en la fecha 2 del Torneo Clausura.<\/strong> Con \u00e9l tambi\u00e9n vio la roja el defensor de la T, Miguel Navarro.<\/p>\n<p>Por esta decisi\u00f3n que tom\u00f3 el \u00e1rbitro Ariel Penel, el Tribunal de Disciplina de la AFA dio a conocer cu\u00e1l ser\u00e1 la sanci\u00f3n para el uruguayo.<\/p>\n<p>Se tem\u00eda que fueran 2 o m\u00e1s fechas, <strong>pero finalmente recibi\u00f3 un solo partido<\/strong>. Por eso, <strong>Fern\u00e1ndez Cedr\u00e9s no podr\u00e1 estar este domingo en el Bosque<\/strong>. Para Julio Vaccari, Iv\u00e1n Marcone es titular por lo que no tendr\u00e1 inconvenientes a la hora de armar el once inicial.<\/p>\n","protected":false},"excerpt":{"rendered":"<p>Rodrigo Fern\u00e1ndez Cedr\u00e9s se pierde el partido con Gimnasia La Plata. El volante fue expulsado en el final del partido ante Talleres, luego de que Independiente cayera 2-1 en la fecha 2 del Torneo Clausura. Con \u00e9l tambi\u00e9n vio la roja el defensor de la T, Miguel Navarro. Por esta decisi\u00f3n que tom\u00f3 el \u00e1rbitro [&hellip;]<\/p>\n","protected":false},"author":1,"featured_media":126031,"comment_status":"open","ping_status":"closed","sticky":false,"template":"","format":"standard","meta":{"_links_to":"","_links_to_target":""},"categories":[3247,3],"tags":[153,5747],"_links":{"self":[{"href":"https:\/\/www.locoxelrojo.com\/independiente\/wp-json\/wp\/v2\/posts\/126030"}],"collection":[{"href":"https:\/\/www.locoxelrojo.com\/independiente\/wp-json\/wp\/v2\/posts"}],"about":[{"href":"https:\/\/www.locoxelrojo.com\/independiente\/wp-json\/wp\/v2\/types\/post"}],"author":[{"embeddable":true,"href":"https:\/\/www.locoxelrojo.com\/independiente\/wp-json\/wp\/v2\/users\/1"}],"replies":[{"embeddable":true,"href":"https:\/\/www.locoxelrojo.com\/independiente\/wp-json\/wp\/v2\/comments?post=126030"}],"version-history":[{"count":1,"href":"https:\/\/www.locoxelrojo.com\/independiente\/wp-json\/wp\/v2\/posts\/126030\/revisions"}],"predecessor-version":[{"id":126032,"href":"https:\/\/www.locoxelrojo.com\/independiente\/wp-json\/wp\/v2\/posts\/126030\/revisions\/126032"}],"wp:featuredmedia":[{"embeddable":true,"href":"https:\/\/www.locoxelrojo.com\/independiente\/wp-json\/wp\/v2\/media\/126031"}],"wp:attachment":[{"href":"https:\/\/www.locoxelrojo.com\/independiente\/wp-json\/wp\/v2\/media?parent=126030"}],"wp:term":[{"taxonomy":"category","embeddable":true,"href":"https:\/\/www.locoxelrojo.com\/independiente\/wp-json\/wp\/v2\/categories?post=126030"},{"taxonomy":"post_tag","embeddable":true,"href":"https:\/\/www.locoxelrojo.com\/independiente\/wp-json\/wp\/v2\/tags?post=126030"}],"curies":[{"name":"wp","href":"https:\/\/api.w.org\/{rel}","templated":true}]}}