{"id":126036,"date":"2025-07-25T17:05:37","date_gmt":"2025-07-25T20:05:37","guid":{"rendered":"https:\/\/www.locoxelrojo.com\/independiente\/?p=126036"},"modified":"2025-07-25T17:05:37","modified_gmt":"2025-07-25T20:05:37","slug":"abaldo-ofrecimiento-y-negociacion-abierta","status":"publish","type":"post","link":"https:\/\/www.locoxelrojo.com\/independiente\/2025\/07\/25\/abaldo-ofrecimiento-y-negociacion-abierta\/","title":{"rendered":"Abaldo, ofrecimiento y negociaci\u00f3n abierta"},"content":{"rendered":"<p><strong>Mat\u00edas Abaldo, atacante de Defensor Sporting, fue ofrecido a Independiente. Julio Vaccari se mostr\u00f3 entusiasmado y lo quiere.<\/strong><\/p>\n<p><strong>Abaldo tiene 21 a\u00f1os, es extremo<\/strong> y lo puede hacer por cualquiera de las dos bandas, aunque habitualmente juega por derecha. A su corta edad <strong>ya tuvo un paso por el f\u00fatbol argentino cuando jug\u00f3 en Gimnasia La Plata<\/strong>, pero si bien desde lo futbol\u00edstico rindi\u00f3, por una situaci\u00f3n delicada regres\u00f3 a su pa\u00eds.<\/p>\n<p>\u00bfQu\u00e9 ocurri\u00f3? <strong>A comienzos del 2025 el uruguayo present\u00f3 un cuadro de salud mental, por lo que recibi\u00f3 una licencia y volvi\u00f3 a Defensor Sporting. Bajo un tratamiento logr\u00f3 recuperarse. La salida del Lobo en su momento fue bastante conflictiva y en el acuerdo resign\u00f3 parte del pase que hab\u00eda comprado, hoy en d\u00eda mantiene el 33% de la ficha.<\/strong><\/p>\n<p>Al Rojo lleg\u00f3 el ofrecimiento y cuando le presentaron el nombre al entrenador no dud\u00f3 un minuto. Por eso, los dirigentes r\u00e1pidamente hicieron una oferta formal: <strong>un pr\u00e9stamo con un cargo de 50.000 d\u00f3lares y una opci\u00f3n de compra de 2.000.000 de d\u00f3lares.<\/strong><\/p>\n<p>El club uruguayo no ve con malos ojos la negociaci\u00f3n, pero <strong>no est\u00e1n conformes con los montos que se est\u00e1n manejando<\/strong>. Las charlas van a continuar, Independiente tiene un cupo a disposici\u00f3n por la salida de David Mart\u00ednez hasta el 31 de agosto.<\/p>\n<p><strong>11 partido, 3 goles, 1 asistencia y 810 minutos<\/strong> en cancha desde que peg\u00f3 la vuelta a Defensor Sporting en el 2025.<\/p>\n","protected":false},"excerpt":{"rendered":"<p>Mat\u00edas Abaldo, atacante de Defensor Sporting, fue ofrecido a Independiente. Julio Vaccari se mostr\u00f3 entusiasmado y lo quiere. Abaldo tiene 21 a\u00f1os, es extremo y lo puede hacer por cualquiera de las dos bandas, aunque habitualmente juega por derecha. A su corta edad ya tuvo un paso por el f\u00fatbol argentino cuando jug\u00f3 en Gimnasia [&hellip;]<\/p>\n","protected":false},"author":1,"featured_media":126037,"comment_status":"open","ping_status":"closed","sticky":false,"template":"","format":"standard","meta":{"_links_to":"","_links_to_target":""},"categories":[3247,3],"tags":[153,164,5858],"_links":{"self":[{"href":"https:\/\/www.locoxelrojo.com\/independiente\/wp-json\/wp\/v2\/posts\/126036"}],"collection":[{"href":"https:\/\/www.locoxelrojo.com\/independiente\/wp-json\/wp\/v2\/posts"}],"about":[{"href":"https:\/\/www.locoxelrojo.com\/independiente\/wp-json\/wp\/v2\/types\/post"}],"author":[{"embeddable":true,"href":"https:\/\/www.locoxelrojo.com\/independiente\/wp-json\/wp\/v2\/users\/1"}],"replies":[{"embeddable":true,"href":"https:\/\/www.locoxelrojo.com\/independiente\/wp-json\/wp\/v2\/comments?post=126036"}],"version-history":[{"count":1,"href":"https:\/\/www.locoxelrojo.com\/independiente\/wp-json\/wp\/v2\/posts\/126036\/revisions"}],"predecessor-version":[{"id":126038,"href":"https:\/\/www.locoxelrojo.com\/independiente\/wp-json\/wp\/v2\/posts\/126036\/revisions\/126038"}],"wp:featuredmedia":[{"embeddable":true,"href":"https:\/\/www.locoxelrojo.com\/independiente\/wp-json\/wp\/v2\/media\/126037"}],"wp:attachment":[{"href":"https:\/\/www.locoxelrojo.com\/independiente\/wp-json\/wp\/v2\/media?parent=126036"}],"wp:term":[{"taxonomy":"category","embeddable":true,"href":"https:\/\/www.locoxelrojo.com\/independiente\/wp-json\/wp\/v2\/categories?post=126036"},{"taxonomy":"post_tag","embeddable":true,"href":"https:\/\/www.locoxelrojo.com\/independiente\/wp-json\/wp\/v2\/tags?post=126036"}],"curies":[{"name":"wp","href":"https:\/\/api.w.org\/{rel}","templated":true}]}}