{"id":12609,"date":"2011-11-10T12:51:30","date_gmt":"2011-11-10T15:51:30","guid":{"rendered":"http:\/\/www.locoxelrojo.com.ar\/independiente\/?p=12609"},"modified":"2011-11-10T12:51:30","modified_gmt":"2011-11-10T15:51:30","slug":"sin-futbol","status":"publish","type":"post","link":"https:\/\/www.locoxelrojo.com\/independiente\/2011\/11\/10\/sin-futbol\/","title":{"rendered":"Sin f\u00fatbol"},"content":{"rendered":"<p><a href=\"http:\/\/www.locoxelrojo.com.ar\/independiente\/wp-content\/uploads\/2011\/11\/entrenamiento_independiente1.gif\"><img loading=\"lazy\" class=\"alignnone size-full wp-image-12610\" title=\"entrenamiento_independiente\" src=\"http:\/\/www.locoxelrojo.com.ar\/independiente\/wp-content\/uploads\/2011\/11\/entrenamiento_independiente1.gif\" alt=\"\" width=\"590\" height=\"315\" srcset=\"https:\/\/locoxelrojo.com\/independiente\/wp-content\/uploads\/2011\/11\/entrenamiento_independiente1.gif 590w, https:\/\/locoxelrojo.com\/independiente\/wp-content\/uploads\/2011\/11\/entrenamiento_independiente1-300x160.gif 300w\" sizes=\"(max-width: 590px) 100vw, 590px\" \/><\/a><\/p>\n<p>Independiente se entren\u00f3 en Villa Dom\u00ednico pero no hubo f\u00fatbol. El cuerpo t\u00e9cnico dispuso una entrada en calor y luego ejercicios de manejo y control de pelota. Luego, lleg\u00f3 el turno de un breve trabajo t\u00e1ctico. Gabriel Milito quien lleg\u00f3 a su casa ayer entrada la madrugada fue de los primeros en llegar y se entren\u00f3 junto a sus compa\u00f1eros.<\/p>\n<p>El defensor no emiti\u00f3 declaraciones sobre el hecho delictivo pero aclar\u00f3 mediante el Twitter oficial del club que est\u00e1 bien de salud. Otro que se entrena con completa normalidad tras una larga rehabilitaci\u00f3n es Roberto Batti\u00f3n. Hubo 3 diferenciados: Patricio Rodr\u00edguez, Lucas Kruspzky y Carlos Matheu.<\/p>\n<p>En los 3 casos, hicieron trabajos de kinesiolog\u00eda. Matheu trabaj\u00f3 en el gimnasio y sus dos compa\u00f1eros hicieron lo propio en el pasto, al costado de sus compa\u00f1eros. El Rojo vuelve a los entrenamientos ma\u00f1ana a las 9 de la ma\u00f1ana. El partido frente a Olimpo ser\u00e1 reci\u00e9n el s\u00e1bado 19, siete y diez de la tarde.<\/p>\n","protected":false},"excerpt":{"rendered":"<p>Independiente se entren\u00f3 en Villa Dom\u00ednico pero no hubo f\u00fatbol. El cuerpo t\u00e9cnico dispuso una entrada en calor y luego ejercicios de manejo y control de pelota. Luego, lleg\u00f3 el turno de un breve trabajo t\u00e1ctico. Gabriel Milito quien lleg\u00f3 a su casa ayer entrada la madrugada fue de los primeros en llegar y se [&hellip;]<\/p>\n","protected":false},"author":1,"featured_media":0,"comment_status":"open","ping_status":"open","sticky":false,"template":"","format":"standard","meta":{"_links_to":"","_links_to_target":""},"categories":[3,1],"tags":[153,42,41,500,31],"_links":{"self":[{"href":"https:\/\/www.locoxelrojo.com\/independiente\/wp-json\/wp\/v2\/posts\/12609"}],"collection":[{"href":"https:\/\/www.locoxelrojo.com\/independiente\/wp-json\/wp\/v2\/posts"}],"about":[{"href":"https:\/\/www.locoxelrojo.com\/independiente\/wp-json\/wp\/v2\/types\/post"}],"author":[{"embeddable":true,"href":"https:\/\/www.locoxelrojo.com\/independiente\/wp-json\/wp\/v2\/users\/1"}],"replies":[{"embeddable":true,"href":"https:\/\/www.locoxelrojo.com\/independiente\/wp-json\/wp\/v2\/comments?post=12609"}],"version-history":[{"count":0,"href":"https:\/\/www.locoxelrojo.com\/independiente\/wp-json\/wp\/v2\/posts\/12609\/revisions"}],"wp:attachment":[{"href":"https:\/\/www.locoxelrojo.com\/independiente\/wp-json\/wp\/v2\/media?parent=12609"}],"wp:term":[{"taxonomy":"category","embeddable":true,"href":"https:\/\/www.locoxelrojo.com\/independiente\/wp-json\/wp\/v2\/categories?post=12609"},{"taxonomy":"post_tag","embeddable":true,"href":"https:\/\/www.locoxelrojo.com\/independiente\/wp-json\/wp\/v2\/tags?post=12609"}],"curies":[{"name":"wp","href":"https:\/\/api.w.org\/{rel}","templated":true}]}}