{"id":126122,"date":"2025-07-29T15:12:24","date_gmt":"2025-07-29T18:12:24","guid":{"rendered":"https:\/\/www.locoxelrojo.com\/independiente\/?p=126122"},"modified":"2025-07-29T15:12:24","modified_gmt":"2025-07-29T18:12:24","slug":"avalos-hay-que-tratar-de-volver-a-las-bases-que-nos-hicieron-fuertes","status":"publish","type":"post","link":"https:\/\/www.locoxelrojo.com\/independiente\/2025\/07\/29\/avalos-hay-que-tratar-de-volver-a-las-bases-que-nos-hicieron-fuertes\/","title":{"rendered":"\u00c1valos: &#8220;Hay que tratar de volver a las bases que nos hicieron fuertes&#8221;"},"content":{"rendered":"<p><strong>Gabriel \u00c1valos habl\u00f3 en ESPN y se refiri\u00f3 a la actualidad futbol\u00edstica de Independiente, lo que hay que mejorar y m\u00e1s.<\/strong><\/p>\n<p>El paraguayo brind\u00f3 una charla en el programa F12 y comenz\u00f3 con el balance que hicieron puertas para adentro con respecto al flojo arranque de semestre: <strong>&#8220;Hay muchas cosas por arreglar, pero entre nosotros y junto al cuerpo t\u00e9cnico hablamos de que hay que tratar de volver a las bases que nos hicieron fuertes&#8221;<\/strong>.<\/p>\n<p><strong>&#8220;Hacer las cosas que ven\u00edamos haciendo con un poco m\u00e1s de simplicidad y tranquilidad&#8221;<\/strong>, a\u00f1adi\u00f3 el delantero de 34 a\u00f1os. Por otro lado, y si bien anteriormente aclar\u00f3 que <strong>&#8220;pr\u00e1cticamente es el mismo plantel que el semestre pasado&#8221;,\u00a0<\/strong>explic\u00f3: <strong>&#8220;Capaz est\u00e1bamos tan acostumbrados a jugar de una forma, que al llegar chicos nuevos que se vienen adaptando eso tambi\u00e9n puede cambiar un poquito a jugar. Pero volver a las bases es volver a jugar tranquilos y es general&#8221;<\/strong>.<\/p>\n<p>Finalmente, y ante la consulta de si coincid\u00eda con Julio Vaccari en no considerar al Rojo como candidato al t\u00edtulo, coment\u00f3: <strong>&#8220;Y, si me pongo a ver los partidos que hemos hecho hasta ahora, estoy de acuerdo con \u00e9l. Y esa autocr\u00edtica en el vestuario la tenemos colectiva e individualmente&#8221;<\/strong>. Y cerr\u00f3: <strong>&#8220;Tenemos un gran plantel, que est\u00e1 totalmente preparado para afrontar torneos, pero tenemos que encontrar el funcionamiento r\u00e1pidamente&#8221;.<\/strong><\/p>\n","protected":false},"excerpt":{"rendered":"<p>Gabriel \u00c1valos habl\u00f3 en ESPN y se refiri\u00f3 a la actualidad futbol\u00edstica de Independiente, lo que hay que mejorar y m\u00e1s. El paraguayo brind\u00f3 una charla en el programa F12 y comenz\u00f3 con el balance que hicieron puertas para adentro con respecto al flojo arranque de semestre: &#8220;Hay muchas cosas por arreglar, pero entre nosotros [&hellip;]<\/p>\n","protected":false},"author":101038,"featured_media":126123,"comment_status":"open","ping_status":"closed","sticky":false,"template":"","format":"standard","meta":{"_links_to":"","_links_to_target":""},"categories":[3247,3],"tags":[153,5545,5633],"_links":{"self":[{"href":"https:\/\/www.locoxelrojo.com\/independiente\/wp-json\/wp\/v2\/posts\/126122"}],"collection":[{"href":"https:\/\/www.locoxelrojo.com\/independiente\/wp-json\/wp\/v2\/posts"}],"about":[{"href":"https:\/\/www.locoxelrojo.com\/independiente\/wp-json\/wp\/v2\/types\/post"}],"author":[{"embeddable":true,"href":"https:\/\/www.locoxelrojo.com\/independiente\/wp-json\/wp\/v2\/users\/101038"}],"replies":[{"embeddable":true,"href":"https:\/\/www.locoxelrojo.com\/independiente\/wp-json\/wp\/v2\/comments?post=126122"}],"version-history":[{"count":1,"href":"https:\/\/www.locoxelrojo.com\/independiente\/wp-json\/wp\/v2\/posts\/126122\/revisions"}],"predecessor-version":[{"id":126124,"href":"https:\/\/www.locoxelrojo.com\/independiente\/wp-json\/wp\/v2\/posts\/126122\/revisions\/126124"}],"wp:featuredmedia":[{"embeddable":true,"href":"https:\/\/www.locoxelrojo.com\/independiente\/wp-json\/wp\/v2\/media\/126123"}],"wp:attachment":[{"href":"https:\/\/www.locoxelrojo.com\/independiente\/wp-json\/wp\/v2\/media?parent=126122"}],"wp:term":[{"taxonomy":"category","embeddable":true,"href":"https:\/\/www.locoxelrojo.com\/independiente\/wp-json\/wp\/v2\/categories?post=126122"},{"taxonomy":"post_tag","embeddable":true,"href":"https:\/\/www.locoxelrojo.com\/independiente\/wp-json\/wp\/v2\/tags?post=126122"}],"curies":[{"name":"wp","href":"https:\/\/api.w.org\/{rel}","templated":true}]}}