{"id":12613,"date":"2011-11-10T13:03:50","date_gmt":"2011-11-10T16:03:50","guid":{"rendered":"http:\/\/www.locoxelrojo.com.ar\/independiente\/?p=12613"},"modified":"2015-09-21T21:29:40","modified_gmt":"2015-09-22T00:29:40","slug":"julian-velazquez-quisiera-quedarme-un-ano-mas","status":"publish","type":"post","link":"https:\/\/www.locoxelrojo.com\/independiente\/2011\/11\/10\/julian-velazquez-quisiera-quedarme-un-ano-mas\/","title":{"rendered":"J. Vel\u00e1zquez: &#8220;Quisiera quedarme un a\u00f1o m\u00e1s&#8221;"},"content":{"rendered":"<p><a href=\"http:\/\/www.locoxelrojo.com.ar\/independiente\/wp-content\/uploads\/2011\/11\/julian_velazquez.gif\"><img loading=\"lazy\" class=\"alignnone size-full wp-image-12614\" title=\"julian_velazquez\" src=\"http:\/\/www.locoxelrojo.com.ar\/independiente\/wp-content\/uploads\/2011\/11\/julian_velazquez.gif\" alt=\"\" width=\"590\" height=\"315\" srcset=\"https:\/\/locoxelrojo.com\/independiente\/wp-content\/uploads\/2011\/11\/julian_velazquez.gif 590w, https:\/\/locoxelrojo.com\/independiente\/wp-content\/uploads\/2011\/11\/julian_velazquez-300x160.gif 300w\" sizes=\"(max-width: 590px) 100vw, 590px\" \/><\/a><\/p>\n<p><strong>Juli\u00e1n Vel\u00e1zquez <\/strong>volvi\u00f3 a su posici\u00f3n nata en los 30 minutos de f\u00fatbol que realiz\u00f3 Independiente ayer por la ma\u00f1ana. Hoy, luego de la pr\u00e1ctica matutina en donde hubo ejercicios con pelota; el defensor se refiri\u00f3 al respecto. <strong>&#8220;Me siento m\u00e1s c\u00f3modo jugando de marcador central&#8221;<\/strong>, declar\u00f3.<\/p>\n<p>Luego, agradeci\u00f3 el apoyo que desde un primer momento recibi\u00f3 por parte de Ram\u00f3n D\u00edaz. <strong>&#8220;Agradezco la confianza al t\u00e9cnico&#8221;<\/strong>, expres\u00f3. El defensor se puso a disposici\u00f3n y prometi\u00f3 brindarse al m\u00e1ximo. <strong>&#8220;Habl\u00e9 con Ram\u00f3n D\u00edaz sobre jugar de central. Espero retribuirle esa confianza en m\u00ed en la cancha&#8221;<\/strong>, asever\u00f3.<\/p>\n<p>Por \u00faltimo, se refiri\u00f3 a la selecci\u00f3n y no descart\u00f3 quedarse en el club. <strong>&#8220;La ilusi\u00f3n de la Selecci\u00f3n no la pierdo. He aprendido mucho en este tiempo. Quisiera quedarme un a\u00f1o m\u00e1s para afianzarme&#8221;<\/strong>, concluy\u00f3.<\/p>\n","protected":false},"excerpt":{"rendered":"<p>Juli\u00e1n Vel\u00e1zquez volvi\u00f3 a su posici\u00f3n nata en los 30 minutos de f\u00fatbol que realiz\u00f3 Independiente ayer por la ma\u00f1ana. Hoy, luego de la pr\u00e1ctica matutina en donde hubo ejercicios con pelota; el defensor se refiri\u00f3 al respecto. &#8220;Me siento m\u00e1s c\u00f3modo jugando de marcador central&#8221;, declar\u00f3. Luego, agradeci\u00f3 el apoyo que desde un primer [&hellip;]<\/p>\n","protected":false},"author":1,"featured_media":0,"comment_status":"open","ping_status":"open","sticky":false,"template":"","format":"standard","meta":{"_links_to":"","_links_to_target":""},"categories":[3,1],"tags":[153,32,500,450],"_links":{"self":[{"href":"https:\/\/www.locoxelrojo.com\/independiente\/wp-json\/wp\/v2\/posts\/12613"}],"collection":[{"href":"https:\/\/www.locoxelrojo.com\/independiente\/wp-json\/wp\/v2\/posts"}],"about":[{"href":"https:\/\/www.locoxelrojo.com\/independiente\/wp-json\/wp\/v2\/types\/post"}],"author":[{"embeddable":true,"href":"https:\/\/www.locoxelrojo.com\/independiente\/wp-json\/wp\/v2\/users\/1"}],"replies":[{"embeddable":true,"href":"https:\/\/www.locoxelrojo.com\/independiente\/wp-json\/wp\/v2\/comments?post=12613"}],"version-history":[{"count":0,"href":"https:\/\/www.locoxelrojo.com\/independiente\/wp-json\/wp\/v2\/posts\/12613\/revisions"}],"wp:attachment":[{"href":"https:\/\/www.locoxelrojo.com\/independiente\/wp-json\/wp\/v2\/media?parent=12613"}],"wp:term":[{"taxonomy":"category","embeddable":true,"href":"https:\/\/www.locoxelrojo.com\/independiente\/wp-json\/wp\/v2\/categories?post=12613"},{"taxonomy":"post_tag","embeddable":true,"href":"https:\/\/www.locoxelrojo.com\/independiente\/wp-json\/wp\/v2\/tags?post=12613"}],"curies":[{"name":"wp","href":"https:\/\/api.w.org\/{rel}","templated":true}]}}