{"id":126131,"date":"2025-07-29T21:25:02","date_gmt":"2025-07-30T00:25:02","guid":{"rendered":"https:\/\/www.locoxelrojo.com\/independiente\/?p=126131"},"modified":"2025-07-29T21:25:02","modified_gmt":"2025-07-30T00:25:02","slug":"primera-derrota-de-matheu-con-la-reserva-de-independiente","status":"publish","type":"post","link":"https:\/\/www.locoxelrojo.com\/independiente\/2025\/07\/29\/primera-derrota-de-matheu-con-la-reserva-de-independiente\/","title":{"rendered":"Primera derrota de Matheu con la Reserva de Independiente"},"content":{"rendered":"<p><strong>Independiente perdi\u00f3 1-0 frente a Gimnasia La Plata en Estancia Chica<\/strong>, por la fecha 3 del Torneo Proyecci\u00f3n Clausura 2025.<\/p>\n<p>El equipo dirigido por Carlos Matheu, form\u00f3 con: <strong>Lucas Lavagnino; Sim\u00f3n Pinto, Thiago Ben\u00edtez, Gonzalo Bord\u00f3n, Ramiro Martino; Bautista Lo Menzo, Facundo Cruz, Thiago Mastrolorenzo; Santino Viollaz, Nahuel Junco y Mirko D\u00edaz<\/strong>.<\/p>\n<p>La primera parte no tuvo goles, aunque ambos equipos generaron situaciones claras. Gimnasia domin\u00f3 la posesi\u00f3n y jug\u00f3 mayormente en campo rival, pero <strong>se encontr\u00f3 con una buena respuesta defensiva del conjunto de Avellaneda<\/strong>.<\/p>\n<p>En el comienzo del segundo tiempo <strong>Lavagnino fue clave atajando un penal<\/strong>. Adem\u00e1s, sumaron minutos: <strong>Josias Palais, Mathias De Las Carreras, Agust\u00edn Lara y Felipe Tempone<\/strong>.<\/p>\n<p>Cuando parec\u00eda que el encuentro se encaminaba al empate, <strong>Santino Viollaz fue expulsado a los 29 minutos del segundo tiempo<\/strong>. Con un hombre menos, al equipo le cost\u00f3 sostenerse y el local logr\u00f3 marcar el \u00fanico gol del encuentro a los 38\u2019.<\/p>\n<p>El \u00faltimo antecedente entre ambos hab\u00eda sido un 3-3 en Villa Dom\u00ednico. En condici\u00f3n de visitante, la \u00faltima vez que se cruzaron fue en los octavos de final de la Copa Proyecci\u00f3n 2024, donde el Rojo se impuso por penales.<\/p>\n<p>En la pr\u00f3xima fecha, la <strong>Reserva de Independiente recibir\u00e1 a River el 6 de agosto a las 18 en el complejo de Villa Dominico.<\/strong><\/p>\n","protected":false},"excerpt":{"rendered":"<p>Independiente perdi\u00f3 1-0 frente a Gimnasia La Plata en Estancia Chica, por la fecha 3 del Torneo Proyecci\u00f3n Clausura 2025. El equipo dirigido por Carlos Matheu, form\u00f3 con: Lucas Lavagnino; Sim\u00f3n Pinto, Thiago Ben\u00edtez, Gonzalo Bord\u00f3n, Ramiro Martino; Bautista Lo Menzo, Facundo Cruz, Thiago Mastrolorenzo; Santino Viollaz, Nahuel Junco y Mirko D\u00edaz. La primera parte [&hellip;]<\/p>\n","protected":false},"author":101042,"featured_media":126132,"comment_status":"open","ping_status":"closed","sticky":false,"template":"","format":"standard","meta":{"_links_to":"","_links_to_target":""},"categories":[3247,141],"tags":[27,483,5856,231,5441,5852],"_links":{"self":[{"href":"https:\/\/www.locoxelrojo.com\/independiente\/wp-json\/wp\/v2\/posts\/126131"}],"collection":[{"href":"https:\/\/www.locoxelrojo.com\/independiente\/wp-json\/wp\/v2\/posts"}],"about":[{"href":"https:\/\/www.locoxelrojo.com\/independiente\/wp-json\/wp\/v2\/types\/post"}],"author":[{"embeddable":true,"href":"https:\/\/www.locoxelrojo.com\/independiente\/wp-json\/wp\/v2\/users\/101042"}],"replies":[{"embeddable":true,"href":"https:\/\/www.locoxelrojo.com\/independiente\/wp-json\/wp\/v2\/comments?post=126131"}],"version-history":[{"count":1,"href":"https:\/\/www.locoxelrojo.com\/independiente\/wp-json\/wp\/v2\/posts\/126131\/revisions"}],"predecessor-version":[{"id":126133,"href":"https:\/\/www.locoxelrojo.com\/independiente\/wp-json\/wp\/v2\/posts\/126131\/revisions\/126133"}],"wp:featuredmedia":[{"embeddable":true,"href":"https:\/\/www.locoxelrojo.com\/independiente\/wp-json\/wp\/v2\/media\/126132"}],"wp:attachment":[{"href":"https:\/\/www.locoxelrojo.com\/independiente\/wp-json\/wp\/v2\/media?parent=126131"}],"wp:term":[{"taxonomy":"category","embeddable":true,"href":"https:\/\/www.locoxelrojo.com\/independiente\/wp-json\/wp\/v2\/categories?post=126131"},{"taxonomy":"post_tag","embeddable":true,"href":"https:\/\/www.locoxelrojo.com\/independiente\/wp-json\/wp\/v2\/tags?post=126131"}],"curies":[{"name":"wp","href":"https:\/\/api.w.org\/{rel}","templated":true}]}}