{"id":126134,"date":"2025-07-29T22:14:42","date_gmt":"2025-07-30T01:14:42","guid":{"rendered":"https:\/\/www.locoxelrojo.com\/independiente\/?p=126134"},"modified":"2025-07-29T22:16:24","modified_gmt":"2025-07-30T01:16:24","slug":"javier-ruiz-brillo-ante-banfield","status":"publish","type":"post","link":"https:\/\/www.locoxelrojo.com\/independiente\/2025\/07\/29\/javier-ruiz-brillo-ante-banfield\/","title":{"rendered":"Javier Ru\u00edz brill\u00f3 ante Banfield"},"content":{"rendered":"<p><strong>Javier Ruiz<\/strong>, que est\u00e1 a pr\u00e9stamo en Barracas Central, <strong>convirti\u00f3 un gol en la victoria por 3-1 ante Banfield<\/strong>. El extremo <strong>es el jugador con m\u00e1s gambeta completadas en todo el Torneo Clausura 2025 con 12<\/strong>.<\/p>\n<p>A continuaci\u00f3n, detallamos <strong>c\u00f3mo le fue al resto de futbolistas de Independiente que est\u00e1n cedidos<\/strong>:<\/p>\n<p><strong>Axel Poza &#8211; Gimnasia de Mendoza:<\/strong> el conjunto mendocino cay\u00f3 2-0 frente a Colon en la Primera Nacional, pero no fue convocado.<\/p>\n<p><strong>Agust\u00edn Quiroga &#8211; Chacarita:<\/strong> el central de 23 a\u00f1os estuvo los 90 minutos en la victoria del Funebrero para quedar puntero de la Primera Nacional.<\/p>\n<p><strong>Baltasar Barcia &#8211; Boston River:<\/strong> el Torneo Uruguayo todav\u00eda no comenz\u00f3.<\/p>\n<p><strong>Braian Mart\u00ednez &#8211; Tigre:<\/strong> el Matador igual\u00f3 0-0 ante Uni\u00f3n por el Torneo Clausura y el Chaco sum\u00f3 30 minutos ingresando desde el banco de suplentes.<\/p>\n<p><strong>David Sayago &#8211; Arsenal:<\/strong> el Arse gole\u00f3 5-2 a San Miguel por en Primera Nacional, pero no fue convocado.<\/p>\n<p><strong>David Mart\u00ednez &#8211; Volos FC:<\/strong> el torneo en Grecia todav\u00eda no comenz\u00f3 y se encuentra de pretemporada.<\/p>\n<p><strong>Diego Segovia &#8211; Deportivo Maldonado:<\/strong> el equipo del Pocho gan\u00f3 1-0 a Cerrito por la Segunda Divisi\u00f3n de Uruguay y el arquero disput\u00f3 todo el partido.<\/p>\n<p><strong>Ignacio Maestro Puch &#8211; San Mart\u00edn San Juan:<\/strong> el Verdinegro empat\u00f3 0-0 vs. Rosario Central por el Torneo Clausura y el delantero jug\u00f3 84 minutos.<\/p>\n<p><strong>Joel Gonz\u00e1lez &#8211; Dock Sud:<\/strong> el Docke cay\u00f3 1-0 con Villa D\u00e1lmine por la Primera B Metropolitana y el extremo disput\u00f3 19 minutos.<\/p>\n<p><strong>Johnny Qui\u00f1\u00f3nez &#8211; Barcelona de Ecuador:<\/strong> el Torero perdi\u00f3 2-0 por Liga de Quito en la Serie A de Ecuador. Qui\u00f1\u00f3nez fue titular, pero sali\u00f3 en el entretiempo.<\/p>\n<p><strong>Juan Fedorco \u2013 Puebla:<\/strong> la Franja venci\u00f3 1-0 a Santos Laguna en la Primera Divisi\u00f3n de M\u00e9xico. El defensor central disput\u00f3 los 90 minutos.<\/p>\n<p><strong>Kevin L\u00f3pez \u2013 Atl\u00e9tico Tucum\u00e1n:<\/strong> el Decano cay\u00f3 ante Deportivo Riestra 1-0 por el Torneo Clausura, pero L\u00f3pez est\u00e1 lesionado.<\/p>\n<p><strong>Lucas Rom\u00e1n &#8211; Atl\u00e9tico Tucum\u00e1n:<\/strong> el futbolista de 21 a\u00f1os no fue convocado para la derrota del Decano con Deportivo Riestra por 1-0.<\/p>\n<p><strong>Manuel Tasso &#8211; Uni\u00f3n Magdalena:<\/strong> en la ca\u00edda 2-0 con Independiente Medellin en la Liga Dimayor, el arquero no fue citado.<\/p>\n<p><strong>Mauro Molina &#8211; Dock Sud:<\/strong> el futbolista del Docke no ingres\u00f3 en la derrota vs. Villa D\u00e1lmine 1-0 por la Primera B Metropolitana.<\/p>\n<p><strong>Nicol\u00e1s Vallejo- Liverpool de Uruguay:<\/strong> otro que no vio rodaje a\u00fan porque todav\u00eda no comenz\u00f3 el Torneo Uruguayo en la Primera Divisi\u00f3n.<\/p>\n<p><strong>Patricio Ostachuk &#8211; Trist\u00e1n Su\u00e1rez:<\/strong> el defensor fue titular y disput\u00f3 90 minutos en la victoria del Lechero frente a Los Andes 1-0 por la Primera Nacional.<\/p>\n<p><strong>Rodrigo M\u00e1rquez &#8211; Platense:<\/strong> el Calamar igual\u00f3 0-0 frente a Argentinos Juniors por el Torneo Clausura, pero el delantero no estuvo convocado.<\/p>\n<p><strong>Santiago L\u00f3pez &#8211; Rosario Central:<\/strong> el Canalla empat\u00f3 0-0 con San Martin de San Juan, pero el juvenil se perdi\u00f3 el partido por una lesi\u00f3n.<\/p>\n<p><strong>Santiago Salle &#8211; San Mart\u00edn de San Juan:<\/strong> Salle jug\u00f3 de titular y estuvo en cancha 71 minutos. Fue una de las figuras del equipo hasta su salida del equipo en el 0-0 con Rosario Central por el Torneo Clausura.<\/p>\n<p><strong>Sergio Ort\u00edz &#8211; Nueva Chicago:<\/strong> el Torito de Mataderos se llev\u00f3 la victoria ante Estudiantes de Caseros 1-0 por la Primera Nacional. Ort\u00edz fue titular y disput\u00f3 todo el partido.<\/p>\n<p><strong>Tom\u00e1s Rambert &#8211; Los Andes:<\/strong> en la derrota 2-1 con Tristan Suarez en la Primera Nacional, Rambert no fue convocado.<\/p>\n","protected":false},"excerpt":{"rendered":"<p>Javier Ruiz, que est\u00e1 a pr\u00e9stamo en Barracas Central, convirti\u00f3 un gol en la victoria por 3-1 ante Banfield. El extremo es el jugador con m\u00e1s gambeta completadas en todo el Torneo Clausura 2025 con 12. A continuaci\u00f3n, detallamos c\u00f3mo le fue al resto de futbolistas de Independiente que est\u00e1n cedidos: Axel Poza &#8211; Gimnasia [&hellip;]<\/p>\n","protected":false},"author":101035,"featured_media":126135,"comment_status":"open","ping_status":"closed","sticky":false,"template":"","format":"standard","meta":{"_links_to":"","_links_to_target":""},"categories":[3297,3247],"tags":[3142,153,5252,5735],"_links":{"self":[{"href":"https:\/\/www.locoxelrojo.com\/independiente\/wp-json\/wp\/v2\/posts\/126134"}],"collection":[{"href":"https:\/\/www.locoxelrojo.com\/independiente\/wp-json\/wp\/v2\/posts"}],"about":[{"href":"https:\/\/www.locoxelrojo.com\/independiente\/wp-json\/wp\/v2\/types\/post"}],"author":[{"embeddable":true,"href":"https:\/\/www.locoxelrojo.com\/independiente\/wp-json\/wp\/v2\/users\/101035"}],"replies":[{"embeddable":true,"href":"https:\/\/www.locoxelrojo.com\/independiente\/wp-json\/wp\/v2\/comments?post=126134"}],"version-history":[{"count":2,"href":"https:\/\/www.locoxelrojo.com\/independiente\/wp-json\/wp\/v2\/posts\/126134\/revisions"}],"predecessor-version":[{"id":126137,"href":"https:\/\/www.locoxelrojo.com\/independiente\/wp-json\/wp\/v2\/posts\/126134\/revisions\/126137"}],"wp:featuredmedia":[{"embeddable":true,"href":"https:\/\/www.locoxelrojo.com\/independiente\/wp-json\/wp\/v2\/media\/126135"}],"wp:attachment":[{"href":"https:\/\/www.locoxelrojo.com\/independiente\/wp-json\/wp\/v2\/media?parent=126134"}],"wp:term":[{"taxonomy":"category","embeddable":true,"href":"https:\/\/www.locoxelrojo.com\/independiente\/wp-json\/wp\/v2\/categories?post=126134"},{"taxonomy":"post_tag","embeddable":true,"href":"https:\/\/www.locoxelrojo.com\/independiente\/wp-json\/wp\/v2\/tags?post=126134"}],"curies":[{"name":"wp","href":"https:\/\/api.w.org\/{rel}","templated":true}]}}