{"id":126144,"date":"2025-07-30T21:17:53","date_gmt":"2025-07-31T00:17:53","guid":{"rendered":"https:\/\/www.locoxelrojo.com\/independiente\/?p=126144"},"modified":"2025-07-30T21:17:53","modified_gmt":"2025-07-31T00:17:53","slug":"closter-y-parmo-campeones-con-argentina","status":"publish","type":"post","link":"https:\/\/www.locoxelrojo.com\/independiente\/2025\/07\/30\/closter-y-parmo-campeones-con-argentina\/","title":{"rendered":"Closter y Parmo campeones con Argentina"},"content":{"rendered":"<p><strong>Fernando Closter y Tom\u00e1s Parmo se consagraron campeones de Torneo COTIF en L\u2019Alc\u00fadia. Argentina le gan\u00f3 2-0 a Valencia y se qued\u00f3 con el trofeo.<\/strong><\/p>\n<p>Los pibes del Rojo dieron la vuelta en Espa\u00f1a. <strong>Ambos jugaron desde el arranque en el triunfo de la Selecci\u00f3n Argentina Sub 17<\/strong>, gracias a <strong>los goles de Misael Zalazar y Thomas De Martis.<\/strong><\/p>\n<p>De esta manera, Argentina es campe\u00f3n del certamen por cuarta vez. Finaliz\u00f3 la estad\u00eda en tierras europeas y<strong> a los dos les espera continuar sumando minutos en la Reserva de Independiente bajo las \u00f3rdenes de Carlos Matheu.<\/strong><\/p>\n<blockquote class=\"twitter-tweet\">\n<p lang=\"es\" dir=\"ltr\"> <a href=\"https:\/\/twitter.com\/hashtag\/COTIF?src=hash&amp;ref_src=twsrc%5Etfw\">#COTIF<\/a> 2025<\/p>\n<p> ARGENTINA ES EL CAMPE\u00d3N \u2764<\/p>\n<p> Fin de fiesta  <a href=\"https:\/\/t.co\/hTaMVoZL1R\">pic.twitter.com\/hTaMVoZL1R<\/a><\/p>\n<p>&mdash;  Selecci\u00f3n Argentina \u2b50\u2b50\u2b50 (@Argentina) <a href=\"https:\/\/twitter.com\/Argentina\/status\/1950701024043491356?ref_src=twsrc%5Etfw\">July 30, 2025<\/a><\/p><\/blockquote>\n<p> <script async src=\"https:\/\/platform.twitter.com\/widgets.js\" charset=\"utf-8\"><\/script><\/p>\n","protected":false},"excerpt":{"rendered":"<p>Fernando Closter y Tom\u00e1s Parmo se consagraron campeones de Torneo COTIF en L\u2019Alc\u00fadia. Argentina le gan\u00f3 2-0 a Valencia y se qued\u00f3 con el trofeo. Los pibes del Rojo dieron la vuelta en Espa\u00f1a. Ambos jugaron desde el arranque en el triunfo de la Selecci\u00f3n Argentina Sub 17, gracias a los goles de Misael Zalazar [&hellip;]<\/p>\n","protected":false},"author":1,"featured_media":126145,"comment_status":"open","ping_status":"closed","sticky":false,"template":"","format":"standard","meta":{"_links_to":"","_links_to_target":""},"categories":[3247,3281],"tags":[5447,3238,227,5165,2961],"_links":{"self":[{"href":"https:\/\/www.locoxelrojo.com\/independiente\/wp-json\/wp\/v2\/posts\/126144"}],"collection":[{"href":"https:\/\/www.locoxelrojo.com\/independiente\/wp-json\/wp\/v2\/posts"}],"about":[{"href":"https:\/\/www.locoxelrojo.com\/independiente\/wp-json\/wp\/v2\/types\/post"}],"author":[{"embeddable":true,"href":"https:\/\/www.locoxelrojo.com\/independiente\/wp-json\/wp\/v2\/users\/1"}],"replies":[{"embeddable":true,"href":"https:\/\/www.locoxelrojo.com\/independiente\/wp-json\/wp\/v2\/comments?post=126144"}],"version-history":[{"count":1,"href":"https:\/\/www.locoxelrojo.com\/independiente\/wp-json\/wp\/v2\/posts\/126144\/revisions"}],"predecessor-version":[{"id":126146,"href":"https:\/\/www.locoxelrojo.com\/independiente\/wp-json\/wp\/v2\/posts\/126144\/revisions\/126146"}],"wp:featuredmedia":[{"embeddable":true,"href":"https:\/\/www.locoxelrojo.com\/independiente\/wp-json\/wp\/v2\/media\/126145"}],"wp:attachment":[{"href":"https:\/\/www.locoxelrojo.com\/independiente\/wp-json\/wp\/v2\/media?parent=126144"}],"wp:term":[{"taxonomy":"category","embeddable":true,"href":"https:\/\/www.locoxelrojo.com\/independiente\/wp-json\/wp\/v2\/categories?post=126144"},{"taxonomy":"post_tag","embeddable":true,"href":"https:\/\/www.locoxelrojo.com\/independiente\/wp-json\/wp\/v2\/tags?post=126144"}],"curies":[{"name":"wp","href":"https:\/\/api.w.org\/{rel}","templated":true}]}}