{"id":126167,"date":"2025-07-31T21:44:36","date_gmt":"2025-08-01T00:44:36","guid":{"rendered":"https:\/\/www.locoxelrojo.com\/independiente\/?p=126167"},"modified":"2025-07-31T21:44:36","modified_gmt":"2025-08-01T00:44:36","slug":"concentrados-vs-belgrano-los-24-que-estan-en-rosario","status":"publish","type":"post","link":"https:\/\/www.locoxelrojo.com\/independiente\/2025\/07\/31\/concentrados-vs-belgrano-los-24-que-estan-en-rosario\/","title":{"rendered":"Concentrados vs. Belgrano: los 24 que est\u00e1n en Rosario"},"content":{"rendered":"<p>Independiente enfrenta a Belgrano este viernes a las 18:15 por los 8vos de final de la Copa Argentina en el estadio Gigante de Arroyito. <strong>Julio Vaccari cit\u00f3 a 24 futbolistas.<\/strong><\/p>\n<p><strong>Este jueves el plantel de Independiente viaj\u00f3 en micro a Rosario y ya se encuentra concentrado a la espera del duelo con el Pirata<\/strong>.<\/p>\n<p>Hay nombres que salieron de la lista con respecto a la del \u00faltimo partido ante Gimnasia. Se trata de la salida de dos juveniles: <strong>Gonzalo Bord\u00f3n y Mirko D\u00edaz<\/strong>.<\/p>\n<p>Por su lado, hay dos regresos por diferentes motivos. <strong>Franco Paredes<\/strong> reaparece tras superar una lesi\u00f3n muscular y <strong>Rodrigo Fern\u00e1ndez Cedr\u00e9s<\/strong> hace lo propio tras ya que falt\u00f3 con el Lobo por estar suspendido.<\/p>\n<h2>Los concentrados:<\/h2>\n<p><strong>Arqueros:<\/strong> Joaqu\u00edn Blazquez y Rodrigo Rey.<\/p>\n<p><strong>Defensores:<\/strong> Milton Valenzuela, Federico Vera, Nicol\u00e1s Freire, Facundo Zabala, Kevin Lom\u00f3naco, Leonardo Godoy, Franco Paredes y Jonathan De Irastorza.<\/p>\n<p><strong>Volantes:<\/strong> Felipe Loyola, Pablo Galdames, Luciano Cabral, Federico Mancuello, Lautaro Mill\u00e1n, Rodrigo Fern\u00e1ndez Cedr\u00e9s, Iv\u00e1n Marcone y Joel Medina.<\/p>\n<p><strong>Delanteros:<\/strong> Santiago Montiel, Gabriel \u00c1valos, Walter Mazzantti, Ignacio Pussetto, Diego Tarzia y Enzo Taborda.<\/p>\n<blockquote class=\"twitter-tweet\">\n<p dir=\"ltr\" lang=\"es\"> Estos son los jugadores que ya est\u00e1n en Rosario para jugar los Octavos de Final de la Copa Argentina frente a Belgrano de C\u00f3rdoba.<a href=\"https:\/\/twitter.com\/hashtag\/TodoRojo?src=hash&amp;ref_src=twsrc%5Etfw\">#TodoRojo<\/a>  <a href=\"https:\/\/t.co\/fYwVpStDZV\">pic.twitter.com\/fYwVpStDZV<\/a><\/p>\n<p>\u2014 C. A. Independiente (@Independiente) <a href=\"https:\/\/twitter.com\/Independiente\/status\/1951036163927547974?ref_src=twsrc%5Etfw\">July 31, 2025<\/a><\/p><\/blockquote>\n<p><script async src=\"https:\/\/platform.twitter.com\/widgets.js\" charset=\"utf-8\"><\/script><\/p>\n","protected":false},"excerpt":{"rendered":"<p>Independiente enfrenta a Belgrano este viernes a las 18:15 por los 8vos de final de la Copa Argentina en el estadio Gigante de Arroyito. Julio Vaccari cit\u00f3 a 24 futbolistas. Este jueves el plantel de Independiente viaj\u00f3 en micro a Rosario y ya se encuentra concentrado a la espera del duelo con el Pirata. Hay [&hellip;]<\/p>\n","protected":false},"author":101039,"featured_media":126168,"comment_status":"open","ping_status":"closed","sticky":false,"template":"","format":"standard","meta":{"_links_to":"","_links_to_target":""},"categories":[3247,3],"tags":[2733,153,5736,5572,5513,5633,5611,5747],"_links":{"self":[{"href":"https:\/\/www.locoxelrojo.com\/independiente\/wp-json\/wp\/v2\/posts\/126167"}],"collection":[{"href":"https:\/\/www.locoxelrojo.com\/independiente\/wp-json\/wp\/v2\/posts"}],"about":[{"href":"https:\/\/www.locoxelrojo.com\/independiente\/wp-json\/wp\/v2\/types\/post"}],"author":[{"embeddable":true,"href":"https:\/\/www.locoxelrojo.com\/independiente\/wp-json\/wp\/v2\/users\/101039"}],"replies":[{"embeddable":true,"href":"https:\/\/www.locoxelrojo.com\/independiente\/wp-json\/wp\/v2\/comments?post=126167"}],"version-history":[{"count":1,"href":"https:\/\/www.locoxelrojo.com\/independiente\/wp-json\/wp\/v2\/posts\/126167\/revisions"}],"predecessor-version":[{"id":126169,"href":"https:\/\/www.locoxelrojo.com\/independiente\/wp-json\/wp\/v2\/posts\/126167\/revisions\/126169"}],"wp:featuredmedia":[{"embeddable":true,"href":"https:\/\/www.locoxelrojo.com\/independiente\/wp-json\/wp\/v2\/media\/126168"}],"wp:attachment":[{"href":"https:\/\/www.locoxelrojo.com\/independiente\/wp-json\/wp\/v2\/media?parent=126167"}],"wp:term":[{"taxonomy":"category","embeddable":true,"href":"https:\/\/www.locoxelrojo.com\/independiente\/wp-json\/wp\/v2\/categories?post=126167"},{"taxonomy":"post_tag","embeddable":true,"href":"https:\/\/www.locoxelrojo.com\/independiente\/wp-json\/wp\/v2\/tags?post=126167"}],"curies":[{"name":"wp","href":"https:\/\/api.w.org\/{rel}","templated":true}]}}