{"id":12623,"date":"2011-11-11T07:27:04","date_gmt":"2011-11-11T10:27:04","guid":{"rendered":"http:\/\/www.locoxelrojo.com.ar\/independiente\/?p=12623"},"modified":"2011-11-11T19:46:19","modified_gmt":"2011-11-11T22:46:19","slug":"montenegro-siempre-hay-ganas-de-volver","status":"publish","type":"post","link":"https:\/\/www.locoxelrojo.com\/independiente\/2011\/11\/11\/montenegro-siempre-hay-ganas-de-volver\/","title":{"rendered":"Montenegro: &#8220;Siempre hay ganas de volver&#8221;"},"content":{"rendered":"<p><a href=\"http:\/\/www.locoxelrojo.com.ar\/independiente\/wp-content\/uploads\/2011\/11\/rolfi.jpg\"><img loading=\"lazy\" class=\"alignnone size-full wp-image-12624\" title=\"rolfi\" src=\"http:\/\/www.locoxelrojo.com.ar\/independiente\/wp-content\/uploads\/2011\/11\/rolfi.jpg\" alt=\"\" width=\"590\" height=\"315\" srcset=\"https:\/\/locoxelrojo.com\/independiente\/wp-content\/uploads\/2011\/11\/rolfi.jpg 590w, https:\/\/locoxelrojo.com\/independiente\/wp-content\/uploads\/2011\/11\/rolfi-300x160.jpg 300w\" sizes=\"(max-width: 590px) 100vw, 590px\" \/><\/a><\/p>\n<p>Daniel Montenegro pas\u00f3 esta semana de visita por el predio de Villa Dom\u00ednico y su visita gener\u00f3 un revuelo importante anticipando el pr\u00f3ximo mercado de pases. El Rolfi habl\u00f3 ayer en el programa de <strong>Mariano Closs \u201cUn Buen Momento\u201d<\/strong> y dejo una puerta abierta para su regreso al club.<br \/>\n<strong><br \/>\n\u201cEstoy en un momento que nunca en mi carrera me hab\u00eda pasado, nos declararon transferibles a todos. No tuvimos un buen torneo, terminamos ante\u00faltimos y nunca encontramos el rendimiento que quer\u00edamos\u201d<\/strong>, explic\u00f3 el enganche su situaci\u00f3n en el Am\u00e9rica.<\/p>\n<p>Montenegro se encuentra en el pa\u00eds de vacaciones y deber\u00e1 esperar hasta volver a M\u00e9xico para saber que ser\u00e1 de su futuro. <strong>\u201cYo estoy de vacaciones pero me entere que renuncio el Presidente y el Director Deportivo as\u00ed que no sabemos si esta medida va a continuar o no\u201d<\/strong>, cont\u00f3 y agreg\u00f3: <strong>\u201ces un poco hablar en vano sobre lo que puede pasar porque no lo se\u201d<\/strong>. <\/p>\n<p><strong>\u201cSiempre hay ganas de volver, ya hace 2 a\u00f1os y medio que estoy all\u00e1, pero tambi\u00e9n hay un contrato que cumplir en M\u00e9xico. Me queda 1 a\u00f1o y medio todav\u00eda, pero bueno hay que hablar y lo que sea mejor para todos le voy a dar para adelante\u201d<\/strong>, dijo el mediapunta.<\/p>\n<p>Tambi\u00e9n se tom\u00f3 unos minutos para contar con detalles el porque de su visita y aclar\u00f3 que no habl\u00f3 con nadie del club: <strong>\u201cno hable con nadie ac\u00e1. Encima llegue tarde al predio porque me quede dormido. Con Gaby (Milito) siempre nos mantenemos en contacto, me dijo que lo vaya a saludar un d\u00eda, tanto \u00e9l como otros ex compa\u00f1eros. Fui al predio como pase siempre, ten\u00eda ganas porque hac\u00eda ya 1 a\u00f1o que no los ve\u00eda, pero bueno llegue tarde y se arm\u00f3 una bola enorme con mi vuelta\u201d<\/strong>.<\/p>\n<p>Por ultimo se mostr\u00f3 muy contento de que  lo vinculen con el Rojo y no descart\u00f3 un posible retorno.<strong> \u201cSiempre que estoy ac\u00e1 hablan de Independiente y a mi me gusta, ser la imagen de un club en donde uno pas\u00f3 mucho tiempo y que hablen bien de uno a mi me pone contento. Que la gente se pueda ilusionar tambi\u00e9n es lindo porque demuestra que uno sigue latente y yo tambi\u00e9n me ilusiono me gusta eso\u201d<\/strong>, cerr\u00f3 el Rolfi.<\/p>\n<p>Todo est\u00e1 encaminado, veremos que pasa en diciembre\u2026 <\/p>\n","protected":false},"excerpt":{"rendered":"<p>Daniel Montenegro pas\u00f3 esta semana de visita por el predio de Villa Dom\u00ednico y su visita gener\u00f3 un revuelo importante anticipando el pr\u00f3ximo mercado de pases. El Rolfi habl\u00f3 ayer en el programa de Mariano Closs \u201cUn Buen Momento\u201d y dejo una puerta abierta para su regreso al club. \u201cEstoy en un momento que nunca [&hellip;]<\/p>\n","protected":false},"author":1,"featured_media":0,"comment_status":"open","ping_status":"open","sticky":false,"template":"","format":"standard","meta":{"_links_to":"","_links_to_target":""},"categories":[3,1],"tags":[1131,153,425,484],"_links":{"self":[{"href":"https:\/\/www.locoxelrojo.com\/independiente\/wp-json\/wp\/v2\/posts\/12623"}],"collection":[{"href":"https:\/\/www.locoxelrojo.com\/independiente\/wp-json\/wp\/v2\/posts"}],"about":[{"href":"https:\/\/www.locoxelrojo.com\/independiente\/wp-json\/wp\/v2\/types\/post"}],"author":[{"embeddable":true,"href":"https:\/\/www.locoxelrojo.com\/independiente\/wp-json\/wp\/v2\/users\/1"}],"replies":[{"embeddable":true,"href":"https:\/\/www.locoxelrojo.com\/independiente\/wp-json\/wp\/v2\/comments?post=12623"}],"version-history":[{"count":0,"href":"https:\/\/www.locoxelrojo.com\/independiente\/wp-json\/wp\/v2\/posts\/12623\/revisions"}],"wp:attachment":[{"href":"https:\/\/www.locoxelrojo.com\/independiente\/wp-json\/wp\/v2\/media?parent=12623"}],"wp:term":[{"taxonomy":"category","embeddable":true,"href":"https:\/\/www.locoxelrojo.com\/independiente\/wp-json\/wp\/v2\/categories?post=12623"},{"taxonomy":"post_tag","embeddable":true,"href":"https:\/\/www.locoxelrojo.com\/independiente\/wp-json\/wp\/v2\/tags?post=12623"}],"curies":[{"name":"wp","href":"https:\/\/api.w.org\/{rel}","templated":true}]}}